{"id":3861,"date":"2024-03-27T15:04:25","date_gmt":"2024-03-27T15:04:25","guid":{"rendered":"https:\/\/idealearning.eu\/blog\/2024\/03\/27\/ivea-app-pristup-k-zamestnani-pro-lidi-s-autismem\/"},"modified":"2024-03-27T15:04:25","modified_gmt":"2024-03-27T15:04:25","slug":"ivea-app-pristup-k-zamestnani-pro-lidi-s-autismem","status":"publish","type":"post","link":"https:\/\/idealearning.eu\/cs\/blog\/2024\/03\/27\/ivea-app-pristup-k-zamestnani-pro-lidi-s-autismem\/","title":{"rendered":"IVEA App: P\u0159\u00edstup k zam\u011bstn\u00e1n\u00ed pro lidi s autismem"},"content":{"rendered":"<p>Bohu\u017eel lid\u00e9 s autismem za\u017e\u00edvaj\u00ed vy\u0161\u0161\u00ed m\u00edru nezam\u011bstnanosti ve srovn\u00e1n\u00ed s lidmi s jin\u00fdmi posti\u017een\u00edmi: odhaduje se, \u017ee po cel\u00e9m sv\u011bt\u011b je nezam\u011bstnan\u00fdch 80 % autistick\u00fdch osob (Ki-moon, 2015), nap\u0159\u00edklad v Brit\u00e1nii jsou m\u00edry nezam\u011bstnanosti vy\u0161\u0161\u00ed mezi autistick\u00fdmi jedinci ne\u017e u osob s jin\u00fdm posti\u017een\u00edm (Office for National Statistics, 2021). Tyto \u00fadaje zd\u016fraz\u0148uj\u00ed pot\u0159ebu c\u00edlen\u00fdch opat\u0159en\u00ed (Bureau of Labor Statistics, 2020; Nicholas et al., 2017), nebo\u0165 zam\u011bstn\u00e1n\u00ed je kl\u00ed\u010dov\u00e9 pro pozitivn\u00ed v\u00fdsledky, p\u0159isp\u00edv\u00e1 k soci\u00e1ln\u00edmu za\u010dlen\u011bn\u00ed, rozvoji dovednost\u00ed pro samostatn\u00fd \u017eivot a podporuje pocit kompetence a samostatnosti (Gal et al., 2015).<\/p>\n<p>Jako reakce na tento probl\u00e9m byl vytvo\u0159en projekt IVEA. Projekt Innovative Vocational Education for Autism (IVEA) m\u011bl za c\u00edl podporovat soci\u00e1ln\u00ed za\u010dlen\u011bn\u00ed osob s autismem d\u00edky jejich zam\u011bstn\u00e1v\u00e1n\u00ed. Projekt prob\u00edhal od \u0159\u00edjna 2018 do z\u00e1\u0159\u00ed 2021 a byl financov\u00e1n programem Erasmus+ Evropsk\u00e9 komise. Z\u00edskal ocen\u011bn\u00ed Inclusive E+ Prize od portugalsk\u00e9 N\u00e1rodn\u00ed agentury programu Erasmus+. Hlavn\u00edm v\u00fdstupem tohoto projektu byl Evropsk\u00fd pr\u016fvodce zalo\u017een\u00fd na re\u00e1ln\u00fdch zku\u0161enostech (k dispozici <a href=\"https:\/\/ivea-project.eu\/wp-content\/uploads\/2021\/10\/IVEA-Guides-Final.pdf\">zde<\/a>) a inovativn\u00ed aplikace pro chytr\u00e9 telefony.<\/p>\n<p>Mobiln\u00ed aplikace IVEA byla vyvinuta pro za\u0159\u00edzen\u00ed s operativn\u00edm syst\u00e9mem Android a lze ji instalovat na chytr\u00e9 telefony a tablety. Aplikace obsahuje upravenou verzi Evropsk\u00e9ho pr\u016fvodce, spole\u010dn\u011b s multimedi\u00e1ln\u00edm materi\u00e1lem (grafikou a videi). Aplikace obsahuje dv\u011b verze: jednu jednodu\u0161e \u010ditelnou pro autistick\u00e9 uchaze\u010de o zam\u011bstn\u00e1n\u00ed a standardn\u00ed verzi ur\u010denou zam\u011bstnavatel\u016fm. P\u016fvodn\u00ed jazyk aplikace je angli\u010dtina, ale je tak\u00e9 k dispozici v portugal\u0161tin\u011b, \u0161pan\u011bl\u0161tin\u011b, ma\u010far\u0161tin\u011b, francouz\u0161tin\u011b a \u0159e\u010dtin\u011b. U\u017eivatel si m\u016f\u017ee vybrat sv\u016fj jazyk hned v prvn\u00ed sekci aplikace. Aplikaci IVEA si m\u016f\u017eete st\u00e1hnout <a href=\"https:\/\/play.google.com\/store\/apps\/details?id=com.ivea&amp;pli=1\">zde<\/a>. V\u00edce informac\u00ed o projektu IVEA naleznete <a href=\"https:\/\/ivea-project.eu\/\">zde<\/a>.<\/p>\n","protected":false},"excerpt":{"rendered":"<p>Bohu\u017eel lid\u00e9 s autismem za\u017e\u00edvaj\u00ed vy\u0161\u0161\u00ed m\u00edru nezam\u011bstnanosti ve srovn\u00e1n\u00ed s lidmi s jin\u00fdmi posti\u017een\u00edmi: odhaduje se, \u017ee po cel\u00e9m sv\u011bt\u011b je nezam\u011bstnan\u00fdch 80 % autistick\u00fdch osob (Ki-moon, 2015), [&#8230;]<\/p>\n","protected":false},"author":2,"featured_media":3862,"comment_status":"open","ping_status":"open","sticky":false,"template":"","format":"standard","meta":{"footnotes":""},"categories":[23],"tags":[],"class_list":["post-3861","post","type-post","status-publish","format-standard","has-post-thumbnail","hentry","category-zpravy"],"_links":{"self":[{"href":"https:\/\/idealearning.eu\/cs\/wp-json\/wp\/v2\/posts\/3861","targetHints":{"allow":["GET"]}}],"collection":[{"href":"https:\/\/idealearning.eu\/cs\/wp-json\/wp\/v2\/posts"}],"about":[{"href":"https:\/\/idealearning.eu\/cs\/wp-json\/wp\/v2\/types\/post"}],"author":[{"embeddable":true,"href":"https:\/\/idealearning.eu\/cs\/wp-json\/wp\/v2\/users\/2"}],"replies":[{"embeddable":true,"href":"https:\/\/idealearning.eu\/cs\/wp-json\/wp\/v2\/comments?post=3861"}],"version-history":[{"count":0,"href":"https:\/\/idealearning.eu\/cs\/wp-json\/wp\/v2\/posts\/3861\/revisions"}],"wp:featuredmedia":[{"embeddable":true,"href":"https:\/\/idealearning.eu\/cs\/wp-json\/wp\/v2\/media\/3862"}],"wp:attachment":[{"href":"https:\/\/idealearning.eu\/cs\/wp-json\/wp\/v2\/media?parent=3861"}],"wp:term":[{"taxonomy":"category","embeddable":true,"href":"https:\/\/idealearning.eu\/cs\/wp-json\/wp\/v2\/categories?post=3861"},{"taxonomy":"post_tag","embeddable":true,"href":"https:\/\/idealearning.eu\/cs\/wp-json\/wp\/v2\/tags?post=3861"}],"curies":[{"name":"wp","href":"https:\/\/api.w.org\/{rel}","templated":true}]}}