{"id":3877,"date":"2023-05-02T10:53:00","date_gmt":"2023-05-02T10:53:00","guid":{"rendered":"https:\/\/idealearning.eu\/blog\/2023\/05\/02\/mezinarodni-tym-projektu-ideal-se-sesel-v-lisabonu\/"},"modified":"2024-07-01T09:08:58","modified_gmt":"2024-07-01T09:08:58","slug":"mezinarodni-tym-projektu-ideal-se-sesel-v-lisabonu","status":"publish","type":"post","link":"https:\/\/idealearning.eu\/cs\/blog\/2023\/05\/02\/mezinarodni-tym-projektu-ideal-se-sesel-v-lisabonu\/","title":{"rendered":"Mezin\u00e1rodn\u00ed t\u00fdm projektu IDEAL se se\u0161el v Lisabonu"},"content":{"rendered":"\n<p>Dne 27. a 28. dubna se partne\u0159i projektu IDEAL setkali v Lisabonu na druh\u00e9m mezin\u00e1rodn\u00edm setk\u00e1n\u00ed partner\u016f. <\/p>\n\n<p>Na tomto setk\u00e1n\u00ed Abad\u00eda Tecnol\u00f3gica p\u0159edstavila platformu, kter\u00e1 byla navr\u017eena na z\u00e1klad\u011b hodnocen\u00ed proveden\u00fdch partnersk\u00fdmi organizacemi. Ka\u017ed\u00fd z partner\u016f zde tak\u00e9 prezentoval v\u00fdsledky sv\u00e9 dosavadn\u00ed pr\u00e1ce. Autism-Europe se zam\u011b\u0159ila na posouzen\u00ed ned\u00e1vn\u00fdch propaga\u010dn\u00edch aktivit a navrhla dal\u0161\u00ed kroky pro \u0161\u00ed\u0159en\u00ed informac\u00ed, jako je nap\u0159\u00edklad spu\u0161t\u011bn\u00ed blogov\u00e9 sekce na webu a vytvo\u0159en\u00ed \u00favodn\u00edho videa k projektu. Rovn\u011b\u017e byly definov\u00e1ny dal\u0161\u00ed kroky, v\u010detn\u011b vytvo\u0159en\u00ed sm\u011brnic pro v\u011bdeck\u00e9 publikace a soci\u00e1ln\u00ed dopad. <\/p>\n\n<p>Tento projekt se uzav\u0159e v roce 2025 vyd\u00e1n\u00edm digit\u00e1ln\u00edho n\u00e1stroje, kter\u00fd umo\u017en\u00ed p\u0159\u00edstup k nejvhodn\u011bj\u0161\u00edm zdroj\u016fm pro lidi na autistick\u00e9m spektru, jejich rodiny a profesion\u00e1ly v tomto oboru. <\/p>\n\n<p>Projekt IDEAL (Inclusive Digital Education for the Learning of Autistic People) si klade za c\u00edl odstranit digit\u00e1ln\u00ed propast, kter\u00e1 negativn\u011b ovliv\u0148uje lidi s autismem. Odstran\u011bn\u00ed t\u00e9to propasti by m\u011blo usnadnit autonomn\u00ed a rovn\u00fd p\u0159\u00edstup k digit\u00e1ln\u00edm technologi\u00edm, kter\u00e9 zaji\u0161\u0165uj\u00ed kontinuitu jejich vzd\u011bl\u00e1n\u00ed a soci\u00e1ln\u00edho \u017eivota, obzvl\u00e1\u0161t\u011b v situac\u00edch izolace. <\/p>\n\n<p>\u00da\u010dastn\u00edc\u00ed m\u011bli tak\u00e9 \u010das proj\u00edt se po portugalsk\u00e9 metropoli a spole\u010dn\u011b si vychutnat ve\u010de\u0159i s \u00fa\u017easnou \u017eivou hudebn\u00ed skupinou z regionu Alentejo. <\/p>\n\n<p>Na tomto projektu pracuje velk\u00fd multidisciplin\u00e1rn\u00ed t\u00fdm veden\u00fd Univerzitou v Burgosu. Do projektu se zapojili: The Portuguese Autism Federation (Portugalsko), Autism-Europe (Belgie), Miradas Foundation (\u0160pan\u011blsko), Tady to M\u00e1m R\u00e1d, z.s. (\u010cesk\u00e1 republika), Fondacija Hiljadu Zelja (srbsk\u00e1 nadace specializuj\u00edc\u00ed se na autismus) a Abad\u00eda Tecnol\u00f3gica (\u0160pan\u011blsko). <\/p>\n","protected":false},"excerpt":{"rendered":"<p>Dne 27. a 28. dubna se partne\u0159i projektu IDEAL setkali v Lisabonu na druh\u00e9m mezin\u00e1rodn\u00edm setk\u00e1n\u00ed partner\u016f. Na tomto setk\u00e1n\u00ed Abad\u00eda Tecnol\u00f3gica p\u0159edstavila platformu, kter\u00e1 byla navr\u017eena na z\u00e1klad\u011b [&#8230;]<\/p>\n","protected":false},"author":2,"featured_media":3878,"comment_status":"open","ping_status":"open","sticky":false,"template":"","format":"standard","meta":{"footnotes":""},"categories":[74,70],"tags":[],"class_list":["post-3877","post","type-post","status-publish","format-standard","has-post-thumbnail","hentry","category-projektove-aktivity","category-setkani"],"_links":{"self":[{"href":"https:\/\/idealearning.eu\/cs\/wp-json\/wp\/v2\/posts\/3877","targetHints":{"allow":["GET"]}}],"collection":[{"href":"https:\/\/idealearning.eu\/cs\/wp-json\/wp\/v2\/posts"}],"about":[{"href":"https:\/\/idealearning.eu\/cs\/wp-json\/wp\/v2\/types\/post"}],"author":[{"embeddable":true,"href":"https:\/\/idealearning.eu\/cs\/wp-json\/wp\/v2\/users\/2"}],"replies":[{"embeddable":true,"href":"https:\/\/idealearning.eu\/cs\/wp-json\/wp\/v2\/comments?post=3877"}],"version-history":[{"count":1,"href":"https:\/\/idealearning.eu\/cs\/wp-json\/wp\/v2\/posts\/3877\/revisions"}],"predecessor-version":[{"id":3879,"href":"https:\/\/idealearning.eu\/cs\/wp-json\/wp\/v2\/posts\/3877\/revisions\/3879"}],"wp:featuredmedia":[{"embeddable":true,"href":"https:\/\/idealearning.eu\/cs\/wp-json\/wp\/v2\/media\/3878"}],"wp:attachment":[{"href":"https:\/\/idealearning.eu\/cs\/wp-json\/wp\/v2\/media?parent=3877"}],"wp:term":[{"taxonomy":"category","embeddable":true,"href":"https:\/\/idealearning.eu\/cs\/wp-json\/wp\/v2\/categories?post=3877"},{"taxonomy":"post_tag","embeddable":true,"href":"https:\/\/idealearning.eu\/cs\/wp-json\/wp\/v2\/tags?post=3877"}],"curies":[{"name":"wp","href":"https:\/\/api.w.org\/{rel}","templated":true}]}}