{"id":4037,"date":"2024-10-30T16:18:44","date_gmt":"2024-10-30T16:18:44","guid":{"rendered":"https:\/\/idealearning.eu\/blog\/2024\/10\/30\/ubu-predstavuje-evropske-projekty-zamerene-na-inkluzi-a-aplikovane-technologie-v-ruznych-kurzech\/"},"modified":"2024-10-30T16:18:44","modified_gmt":"2024-10-30T16:18:44","slug":"ubu-predstavuje-evropske-projekty-zamerene-na-inkluzi-a-aplikovane-technologie-v-ruznych-kurzech","status":"publish","type":"post","link":"https:\/\/idealearning.eu\/cs\/blog\/2024\/10\/30\/ubu-predstavuje-evropske-projekty-zamerene-na-inkluzi-a-aplikovane-technologie-v-ruznych-kurzech\/","title":{"rendered":"UBU p\u0159edstavuje evropsk\u00e9 projekty zam\u011b\u0159en\u00e9 na inkluzi a aplikovan\u00e9 technologie v r\u016fzn\u00fdch kurzech"},"content":{"rendered":"<p>B\u011bhem setk\u00e1n\u00ed, kter\u00e1 se konala v pond\u011bl\u00ed 14. \u0159\u00edjna a ve st\u0159edu 16. \u0159\u00edjna, p\u0159edstavila Univerzita v Burgosu (UBU) inovativn\u00ed evropsk\u00e9 projekty v r\u00e1mci bakal\u00e1\u0159sk\u00e9ho studijn\u00edho programu Pedagogiky a magistersk\u00e9ho programu Inkluzivn\u00edho vzd\u011bl\u00e1v\u00e1n\u00ed a spole\u010dnosti. Prezentace se zam\u011b\u0159ily na integraci nov\u00fdch technologi\u00ed a prob\u011bhly v r\u00e1mci t\u00fddne ErasmusDays, kter\u00fd se slavil od 14. do 19. \u0159\u00edjna. <\/p>\n<p><strong>14. \u0159\u00edjna &#8211; bakal\u00e1\u0159sk\u00fd program Pedagogika<\/strong><\/p>\n<p>V r\u00e1mci kurz\u016f \u201e<strong>Integrace na trhu pr\u00e1ce<\/strong>\u201c a \u201e<strong>Komunika\u010dn\u00ed zdroje a adaptace u\u017eivatele<\/strong>\u201c se skupina 30 student\u016f z\u00fa\u010dastnila prezentace o r\u016fzn\u00fdch technologick\u00fdch aplikac\u00edch a zdroj\u00edch zam\u011b\u0159en\u00fdch na zlep\u0161en\u00ed pracovn\u00ed integrace a komunikace s lidmi se zdravotn\u00edm posti\u017een\u00edm. Reakce byla velmi pozitivn\u00ed a studenti projevili velk\u00fd z\u00e1jem o tyto inovativn\u00ed n\u00e1stroje, zejm\u00e9na o ty, kter\u00e9 podporuj\u00ed p\u0159izp\u016fsoben\u00ed zam\u011bstn\u00e1n\u00ed a zvy\u0161uj\u00ed p\u0159\u00edstupnost. <\/p>\n<p><strong>16. \u0159\u00edjna &#8211; magistersk\u00fd program Inkluzivn\u00ed vzd\u011bl\u00e1v\u00e1n\u00ed a spole\u010dnost<\/strong><\/p>\n<p>Ve st\u0159edu se v kurzech \u201e<strong>Kvalita \u017eivota a slu\u017eby pro lidi se zdravotn\u00edm posti\u017een\u00edm<\/strong>\u201c a \u201e<strong>V\u00fdchova k hodnot\u00e1m pro inkluzivn\u00ed \u0161kolu<\/strong>\u201c men\u0161\u00ed skupina 12 student\u016f m\u011bla mo\u017enost hloub\u011bji se sezn\u00e1mit s evropsk\u00fdmi v\u00fdzkumn\u00fdmi projekty. Byly prezentov\u00e1ny konkr\u00e9tn\u00ed p\u0159\u00edklady, kter\u00e9 ukazovaly, jak lze r\u016fzn\u00e9 v\u00fdzkumn\u00e9 techniky, studovan\u00e9 v kurzech metodologie, aplikovat v praxi. D\u00e1le byly p\u0159edstaveny i dal\u0161\u00ed evropsk\u00e9 projekty vyvinut\u00e9 univerzitou UBU. B\u011bhem setk\u00e1n\u00ed byly poskytnuty praktick\u00e9 zdroje pro usnadn\u011bn\u00ed vyhled\u00e1v\u00e1n\u00ed technologick\u00fdch aplikac\u00ed, kter\u00e9 mohou zlep\u0161it kvalitu \u017eivota lid\u00ed se zdravotn\u00edm posti\u017een\u00edm, jejich rodin a profesion\u00e1l\u016f pracuj\u00edc\u00edch v t\u00e9to oblasti.  <\/p>\n<p><strong>Inovace a z\u00e1vazek k inkluzi<\/strong><\/p>\n<p>Na obou setk\u00e1n\u00edch studenti projevili zna\u010dn\u00fd z\u00e1jem, zejm\u00e9na proto, \u017ee d\u0159\u00edve nev\u011bd\u011bli o vlivu t\u011bchto evropsk\u00fdch projekt\u016f na zlep\u0161en\u00ed \u017eivota lid\u00ed s autismem, jejich rodin a profesion\u00e1l\u016f, kte\u0159\u00ed jim pom\u00e1haj\u00ed. \u00davod do nov\u00fdch technologick\u00fdch n\u00e1stroj\u016f a jejich potenci\u00e1l m\u011bnit \u017eivoty \u00fa\u010dastn\u00edci velmi ocenili. Prost\u0159ednictv\u00edm t\u011bchto projekt\u016f univerzita v Burgosu znovu potvrzuje sv\u016fj z\u00e1vazek k inkluzi a podporu technologick\u00fdch \u0159e\u0161en\u00ed aplikovan\u00fdch v oblasti zdravotn\u00edho posti\u017een\u00ed. Tento p\u0159\u00edstup tak p\u0159isp\u00edv\u00e1 k pokroku ve znalostech a jejich praktick\u00e9m vyu\u017eit\u00ed. <\/p>\n<p><img decoding=\"async\" class=\"lazyload alignnone size-medium wp-image-3986\" src=\"http:\/\/idealearning.eu\/wp-content\/uploads\/2024\/10\/WhatsApp-Image-2024-10-14-at-15.51.42-3-300x225.jpeg\" data-orig-src=\"http:\/\/idealearning.eu\/wp-content\/uploads\/2024\/10\/WhatsApp-Image-2024-10-14-at-15.51.42-3-300x225.jpeg\" alt=\"\" width=\"300\" height=\"225\" srcset=\"data:image\/svg+xml,%3Csvg%20xmlns%3D%27http%3A%2F%2Fwww.w3.org%2F2000%2Fsvg%27%20width%3D%27300%27%20height%3D%27225%27%20viewBox%3D%270%200%20300%20225%27%3E%3Crect%20width%3D%27300%27%20height%3D%27225%27%20fill-opacity%3D%220%22%2F%3E%3C%2Fsvg%3E\" data-srcset=\"https:\/\/idealearning.eu\/wp-content\/uploads\/2024\/10\/WhatsApp-Image-2024-10-14-at-15.51.42-3-200x150.jpeg 200w, https:\/\/idealearning.eu\/wp-content\/uploads\/2024\/10\/WhatsApp-Image-2024-10-14-at-15.51.42-3-300x225.jpeg 300w, https:\/\/idealearning.eu\/wp-content\/uploads\/2024\/10\/WhatsApp-Image-2024-10-14-at-15.51.42-3-400x300.jpeg 400w, https:\/\/idealearning.eu\/wp-content\/uploads\/2024\/10\/WhatsApp-Image-2024-10-14-at-15.51.42-3-600x450.jpeg 600w, https:\/\/idealearning.eu\/wp-content\/uploads\/2024\/10\/WhatsApp-Image-2024-10-14-at-15.51.42-3-768x576.jpeg 768w, https:\/\/idealearning.eu\/wp-content\/uploads\/2024\/10\/WhatsApp-Image-2024-10-14-at-15.51.42-3-800x600.jpeg 800w, https:\/\/idealearning.eu\/wp-content\/uploads\/2024\/10\/WhatsApp-Image-2024-10-14-at-15.51.42-3-1024x768.jpeg 1024w, https:\/\/idealearning.eu\/wp-content\/uploads\/2024\/10\/WhatsApp-Image-2024-10-14-at-15.51.42-3-1200x900.jpeg 1200w, https:\/\/idealearning.eu\/wp-content\/uploads\/2024\/10\/WhatsApp-Image-2024-10-14-at-15.51.42-3-1536x1152.jpeg 1536w, https:\/\/idealearning.eu\/wp-content\/uploads\/2024\/10\/WhatsApp-Image-2024-10-14-at-15.51.42-3.jpeg 1600w\" data-sizes=\"auto\" data-orig-sizes=\"(max-width: 300px) 100vw, 300px\" \/> <img decoding=\"async\" class=\"lazyload alignnone size-medium wp-image-3992\" src=\"http:\/\/idealearning.eu\/wp-content\/uploads\/2024\/10\/WhatsApp-Image-2024-10-18-at-16.54.58-1-300x225.jpeg\" data-orig-src=\"http:\/\/idealearning.eu\/wp-content\/uploads\/2024\/10\/WhatsApp-Image-2024-10-18-at-16.54.58-1-300x225.jpeg\" alt=\"\" width=\"300\" height=\"225\" srcset=\"data:image\/svg+xml,%3Csvg%20xmlns%3D%27http%3A%2F%2Fwww.w3.org%2F2000%2Fsvg%27%20width%3D%27300%27%20height%3D%27225%27%20viewBox%3D%270%200%20300%20225%27%3E%3Crect%20width%3D%27300%27%20height%3D%27225%27%20fill-opacity%3D%220%22%2F%3E%3C%2Fsvg%3E\" data-srcset=\"https:\/\/idealearning.eu\/wp-content\/uploads\/2024\/10\/WhatsApp-Image-2024-10-18-at-16.54.58-1-200x150.jpeg 200w, https:\/\/idealearning.eu\/wp-content\/uploads\/2024\/10\/WhatsApp-Image-2024-10-18-at-16.54.58-1-300x225.jpeg 300w, https:\/\/idealearning.eu\/wp-content\/uploads\/2024\/10\/WhatsApp-Image-2024-10-18-at-16.54.58-1-400x300.jpeg 400w, https:\/\/idealearning.eu\/wp-content\/uploads\/2024\/10\/WhatsApp-Image-2024-10-18-at-16.54.58-1-600x450.jpeg 600w, https:\/\/idealearning.eu\/wp-content\/uploads\/2024\/10\/WhatsApp-Image-2024-10-18-at-16.54.58-1-768x576.jpeg 768w, https:\/\/idealearning.eu\/wp-content\/uploads\/2024\/10\/WhatsApp-Image-2024-10-18-at-16.54.58-1-800x600.jpeg 800w, https:\/\/idealearning.eu\/wp-content\/uploads\/2024\/10\/WhatsApp-Image-2024-10-18-at-16.54.58-1-1024x768.jpeg 1024w, https:\/\/idealearning.eu\/wp-content\/uploads\/2024\/10\/WhatsApp-Image-2024-10-18-at-16.54.58-1-1200x900.jpeg 1200w, https:\/\/idealearning.eu\/wp-content\/uploads\/2024\/10\/WhatsApp-Image-2024-10-18-at-16.54.58-1-1536x1152.jpeg 1536w, https:\/\/idealearning.eu\/wp-content\/uploads\/2024\/10\/WhatsApp-Image-2024-10-18-at-16.54.58-1.jpeg 1600w\" data-sizes=\"auto\" data-orig-sizes=\"(max-width: 300px) 100vw, 300px\" \/><\/p>\n","protected":false},"excerpt":{"rendered":"<p>B\u011bhem setk\u00e1n\u00ed, kter\u00e1 se konala v pond\u011bl\u00ed 14. \u0159\u00edjna a ve st\u0159edu 16. \u0159\u00edjna, p\u0159edstavila Univerzita v Burgosu (UBU) inovativn\u00ed evropsk\u00e9 projekty v r\u00e1mci bakal\u00e1\u0159sk\u00e9ho studijn\u00edho programu Pedagogiky a [&#8230;]<\/p>\n","protected":false},"author":81,"featured_media":4001,"comment_status":"open","ping_status":"open","sticky":false,"template":"","format":"standard","meta":{"footnotes":""},"categories":[23],"tags":[],"class_list":["post-4037","post","type-post","status-publish","format-standard","has-post-thumbnail","hentry","category-zpravy"],"_links":{"self":[{"href":"https:\/\/idealearning.eu\/cs\/wp-json\/wp\/v2\/posts\/4037","targetHints":{"allow":["GET"]}}],"collection":[{"href":"https:\/\/idealearning.eu\/cs\/wp-json\/wp\/v2\/posts"}],"about":[{"href":"https:\/\/idealearning.eu\/cs\/wp-json\/wp\/v2\/types\/post"}],"author":[{"embeddable":true,"href":"https:\/\/idealearning.eu\/cs\/wp-json\/wp\/v2\/users\/81"}],"replies":[{"embeddable":true,"href":"https:\/\/idealearning.eu\/cs\/wp-json\/wp\/v2\/comments?post=4037"}],"version-history":[{"count":0,"href":"https:\/\/idealearning.eu\/cs\/wp-json\/wp\/v2\/posts\/4037\/revisions"}],"wp:featuredmedia":[{"embeddable":true,"href":"https:\/\/idealearning.eu\/cs\/wp-json\/wp\/v2\/media\/4001"}],"wp:attachment":[{"href":"https:\/\/idealearning.eu\/cs\/wp-json\/wp\/v2\/media?parent=4037"}],"wp:term":[{"taxonomy":"category","embeddable":true,"href":"https:\/\/idealearning.eu\/cs\/wp-json\/wp\/v2\/categories?post=4037"},{"taxonomy":"post_tag","embeddable":true,"href":"https:\/\/idealearning.eu\/cs\/wp-json\/wp\/v2\/tags?post=4037"}],"curies":[{"name":"wp","href":"https:\/\/api.w.org\/{rel}","templated":true}]}}