{"id":4105,"date":"2025-02-06T15:09:37","date_gmt":"2025-02-06T15:09:37","guid":{"rendered":"https:\/\/idealearning.eu\/blog\/2025\/02\/06\/burgos-uspesne-hostil-akci-projektu-ideal-o-autismu-a-technologiich\/"},"modified":"2025-02-06T15:09:37","modified_gmt":"2025-02-06T15:09:37","slug":"burgos-uspesne-hostil-akci-projektu-ideal-o-autismu-a-technologiich","status":"publish","type":"post","link":"https:\/\/idealearning.eu\/cs\/blog\/2025\/02\/06\/burgos-uspesne-hostil-akci-projektu-ideal-o-autismu-a-technologiich\/","title":{"rendered":"Burgos \u00fasp\u011b\u0161n\u011b hostil akci projektu IDEAL o autismu a technologi\u00edch"},"content":{"rendered":"<p>&nbsp;<\/p>\n<p>Burgos, \u0160pan\u011blsko \u2013 dne 4. \u00fanora se v prostor\u00e1ch \u201eLa Estaci\u00f3n de la Ciencia y la Tecnolog\u00eda\u201c v Burgosu uskute\u010dnila multiplika\u010dn\u00ed akce projektu IDEAL. Setk\u00e1n\u00ed spojilo r\u016fznorodou skupinu zainteresovan\u00fdch stran, kter\u00e9 m\u011bly z\u00e1jem sd\u00edlet sv\u00e9 dojmy z pokrok\u016f projektu a zkoumat, jak m\u016f\u017ee technologie pom\u00e1hat lidem s autismem.<\/p>\n<p>Den za\u010dal zaj\u00edmavou prezentac\u00ed Miguela G\u00f3meze, \u0159editele nadace Fundaci\u00f3n Miradas. G\u00f3mez p\u0159edstavil projekt IDEAL, mluvil o jeho soci\u00e1ln\u00edch iniciativ\u00e1ch, rozpo\u010dtu, dosa\u017een\u00fdch \u00fasp\u011b\u0161\u00edch a o t\u00fdmov\u00fdch setk\u00e1n\u00edch, kter\u00e1 se uskute\u010dnila b\u011bhem posledn\u00edch t\u0159\u00ed let. Po Miguelovi vystoupila Sandra Nieto z Univerzity v Burgosu, aby vysv\u011btlila aplikovan\u00fd v\u00fdzkum, kter\u00fd pomohl definovat krit\u00e9ria platformy a v\u00fdb\u011br aplikac\u00ed zahrnut\u00fdch v projektu. N\u00e1sledn\u011b Marta Arroyo z Fundaci\u00f3n Miradas ohromila publikum \u017eivou uk\u00e1zkou platformy. Provedla p\u0159\u00edtomn\u00e9 procesem registrace, p\u0159edstavila p\u0159\u00edstupov\u00e9 funkce a r\u016fzn\u00e9 n\u00e1stroje platformy, co\u017e \u00fa\u010dastn\u00edk\u016fm umo\u017enilo vid\u011bt potenci\u00e1ln\u00ed dopad projektu.<\/p>\n<p>Druh\u00e1 \u010d\u00e1st akce byla v\u011bnov\u00e1na \u017eiv\u00e9 panelov\u00e9 diskusi, kterou moderovala Mar\u00eda Merino z Fundaci\u00f3n Miradas. Diskuse se z\u00fa\u010dastnili dva mlad\u00ed lid\u00e9 s autismem, Adri\u00e1n Navarro a Gabriel Garc\u00eda, kte\u0159\u00ed sd\u00edleli sv\u00e9 zku\u0161enosti s informa\u010dn\u00edmi a komunika\u010dn\u00edmi technologiemi (ICT). Vypr\u00e1v\u011bli, jak se pro n\u011b tyto n\u00e1stroje staly nezbytn\u00fdmi pro zvl\u00e1d\u00e1n\u00ed ka\u017edodenn\u00edho \u017eivota.<\/p>\n<p>Diskuse se z\u00fa\u010dastnil tak\u00e9 Ignacio Calle, tv\u016frce aplikac\u00ed jako \u201eTempus\u201c a \u201eGestiac\u201c, kter\u00fd p\u0159inesl \u0161ir\u0161\u00ed pohled na roli technologi\u00ed p\u0159i podpo\u0159e lid\u00ed s autismem v r\u016fzn\u00fdch aspektech \u017eivota. Akci uzav\u0159eli Miguel Lancho a Beatriz Mart\u00ednez z organizace Autismo Burgos, kte\u0159\u00ed p\u0159edstavili svou novou a vzru\u0161uj\u00edc\u00ed aplikaci ConectaTEA, zam\u011b\u0159enou na zlep\u0161en\u00ed podpory komunity.<\/p>\n<p>Na z\u00e1v\u011br akce si \u00fa\u010dastn\u00edci vychutnali ob\u010derstven\u00ed, kter\u00e9 vytvo\u0159ilo uvoln\u011bnou atmosf\u00e9ru pro sd\u00edlen\u00ed zku\u0161enost\u00ed, v\u00fdm\u011bnu n\u00e1pad\u016f a navazov\u00e1n\u00ed kontakt\u016f. Celkov\u011b akce zd\u016fraznila odhodl\u00e1n\u00ed projektu IDEAL vyu\u017e\u00edvat technologie ke zlep\u0161en\u00ed \u017eivota lid\u00ed s autismem a z\u00e1rove\u0148 podpo\u0159ila smyslupln\u00e9 konverzace mezi v\u0161emi \u00fa\u010dastn\u00edky.<\/p>\n<p><img decoding=\"async\" class=\"lazyload alignnone size-medium wp-image-4044\" src=\"http:\/\/idealearning.eu\/wp-content\/uploads\/2025\/02\/WhatsApp-Image-2025-02-04-at-19.06.15-300x225.jpeg\" data-orig-src=\"http:\/\/idealearning.eu\/wp-content\/uploads\/2025\/02\/WhatsApp-Image-2025-02-04-at-19.06.15-300x225.jpeg\" alt=\"\" width=\"300\" height=\"225\" srcset=\"data:image\/svg+xml,%3Csvg%20xmlns%3D%27http%3A%2F%2Fwww.w3.org%2F2000%2Fsvg%27%20width%3D%27300%27%20height%3D%27225%27%20viewBox%3D%270%200%20300%20225%27%3E%3Crect%20width%3D%27300%27%20height%3D%27225%27%20fill-opacity%3D%220%22%2F%3E%3C%2Fsvg%3E\" data-srcset=\"https:\/\/idealearning.eu\/wp-content\/uploads\/2025\/02\/WhatsApp-Image-2025-02-04-at-19.06.15-200x150.jpeg 200w, https:\/\/idealearning.eu\/wp-content\/uploads\/2025\/02\/WhatsApp-Image-2025-02-04-at-19.06.15-300x225.jpeg 300w, https:\/\/idealearning.eu\/wp-content\/uploads\/2025\/02\/WhatsApp-Image-2025-02-04-at-19.06.15-400x300.jpeg 400w, https:\/\/idealearning.eu\/wp-content\/uploads\/2025\/02\/WhatsApp-Image-2025-02-04-at-19.06.15-600x450.jpeg 600w, https:\/\/idealearning.eu\/wp-content\/uploads\/2025\/02\/WhatsApp-Image-2025-02-04-at-19.06.15-768x576.jpeg 768w, https:\/\/idealearning.eu\/wp-content\/uploads\/2025\/02\/WhatsApp-Image-2025-02-04-at-19.06.15-800x600.jpeg 800w, https:\/\/idealearning.eu\/wp-content\/uploads\/2025\/02\/WhatsApp-Image-2025-02-04-at-19.06.15-1024x768.jpeg 1024w, https:\/\/idealearning.eu\/wp-content\/uploads\/2025\/02\/WhatsApp-Image-2025-02-04-at-19.06.15-1200x900.jpeg 1200w, https:\/\/idealearning.eu\/wp-content\/uploads\/2025\/02\/WhatsApp-Image-2025-02-04-at-19.06.15-1536x1152.jpeg 1536w, https:\/\/idealearning.eu\/wp-content\/uploads\/2025\/02\/WhatsApp-Image-2025-02-04-at-19.06.15.jpeg 2040w\" data-sizes=\"auto\" data-orig-sizes=\"(max-width: 300px) 100vw, 300px\" \/> <img decoding=\"async\" class=\"lazyload alignnone size-medium wp-image-4050\" src=\"http:\/\/idealearning.eu\/wp-content\/uploads\/2025\/02\/WhatsApp-Image-2025-02-04-at-18.49.00-300x225.jpeg\" data-orig-src=\"http:\/\/idealearning.eu\/wp-content\/uploads\/2025\/02\/WhatsApp-Image-2025-02-04-at-18.49.00-300x225.jpeg\" alt=\"\" width=\"300\" height=\"225\" srcset=\"data:image\/svg+xml,%3Csvg%20xmlns%3D%27http%3A%2F%2Fwww.w3.org%2F2000%2Fsvg%27%20width%3D%27300%27%20height%3D%27225%27%20viewBox%3D%270%200%20300%20225%27%3E%3Crect%20width%3D%27300%27%20height%3D%27225%27%20fill-opacity%3D%220%22%2F%3E%3C%2Fsvg%3E\" data-srcset=\"https:\/\/idealearning.eu\/wp-content\/uploads\/2025\/02\/WhatsApp-Image-2025-02-04-at-18.49.00-200x150.jpeg 200w, https:\/\/idealearning.eu\/wp-content\/uploads\/2025\/02\/WhatsApp-Image-2025-02-04-at-18.49.00-300x225.jpeg 300w, https:\/\/idealearning.eu\/wp-content\/uploads\/2025\/02\/WhatsApp-Image-2025-02-04-at-18.49.00-400x300.jpeg 400w, https:\/\/idealearning.eu\/wp-content\/uploads\/2025\/02\/WhatsApp-Image-2025-02-04-at-18.49.00-600x450.jpeg 600w, https:\/\/idealearning.eu\/wp-content\/uploads\/2025\/02\/WhatsApp-Image-2025-02-04-at-18.49.00-768x576.jpeg 768w, https:\/\/idealearning.eu\/wp-content\/uploads\/2025\/02\/WhatsApp-Image-2025-02-04-at-18.49.00-800x600.jpeg 800w, https:\/\/idealearning.eu\/wp-content\/uploads\/2025\/02\/WhatsApp-Image-2025-02-04-at-18.49.00-1024x768.jpeg 1024w, https:\/\/idealearning.eu\/wp-content\/uploads\/2025\/02\/WhatsApp-Image-2025-02-04-at-18.49.00-1200x900.jpeg 1200w, https:\/\/idealearning.eu\/wp-content\/uploads\/2025\/02\/WhatsApp-Image-2025-02-04-at-18.49.00-1536x1152.jpeg 1536w, https:\/\/idealearning.eu\/wp-content\/uploads\/2025\/02\/WhatsApp-Image-2025-02-04-at-18.49.00.jpeg 2000w\" data-sizes=\"auto\" data-orig-sizes=\"(max-width: 300px) 100vw, 300px\" \/>  <img decoding=\"async\" class=\"lazyload alignnone size-medium wp-image-4062\" src=\"http:\/\/idealearning.eu\/wp-content\/uploads\/2025\/02\/WhatsApp-Image-2025-02-04-at-18.15.05-300x225.jpeg\" data-orig-src=\"http:\/\/idealearning.eu\/wp-content\/uploads\/2025\/02\/WhatsApp-Image-2025-02-04-at-18.15.05-300x225.jpeg\" alt=\"\" width=\"300\" height=\"225\" srcset=\"data:image\/svg+xml,%3Csvg%20xmlns%3D%27http%3A%2F%2Fwww.w3.org%2F2000%2Fsvg%27%20width%3D%27300%27%20height%3D%27225%27%20viewBox%3D%270%200%20300%20225%27%3E%3Crect%20width%3D%27300%27%20height%3D%27225%27%20fill-opacity%3D%220%22%2F%3E%3C%2Fsvg%3E\" data-srcset=\"https:\/\/idealearning.eu\/wp-content\/uploads\/2025\/02\/WhatsApp-Image-2025-02-04-at-18.15.05-200x150.jpeg 200w, https:\/\/idealearning.eu\/wp-content\/uploads\/2025\/02\/WhatsApp-Image-2025-02-04-at-18.15.05-300x225.jpeg 300w, https:\/\/idealearning.eu\/wp-content\/uploads\/2025\/02\/WhatsApp-Image-2025-02-04-at-18.15.05-400x300.jpeg 400w, https:\/\/idealearning.eu\/wp-content\/uploads\/2025\/02\/WhatsApp-Image-2025-02-04-at-18.15.05-600x450.jpeg 600w, https:\/\/idealearning.eu\/wp-content\/uploads\/2025\/02\/WhatsApp-Image-2025-02-04-at-18.15.05-768x576.jpeg 768w, https:\/\/idealearning.eu\/wp-content\/uploads\/2025\/02\/WhatsApp-Image-2025-02-04-at-18.15.05-800x600.jpeg 800w, https:\/\/idealearning.eu\/wp-content\/uploads\/2025\/02\/WhatsApp-Image-2025-02-04-at-18.15.05-1024x768.jpeg 1024w, https:\/\/idealearning.eu\/wp-content\/uploads\/2025\/02\/WhatsApp-Image-2025-02-04-at-18.15.05-1200x900.jpeg 1200w, https:\/\/idealearning.eu\/wp-content\/uploads\/2025\/02\/WhatsApp-Image-2025-02-04-at-18.15.05-1536x1152.jpeg 1536w, https:\/\/idealearning.eu\/wp-content\/uploads\/2025\/02\/WhatsApp-Image-2025-02-04-at-18.15.05.jpeg 2000w\" data-sizes=\"auto\" data-orig-sizes=\"(max-width: 300px) 100vw, 300px\" \/><\/p>\n","protected":false},"excerpt":{"rendered":"<p>&nbsp; Burgos, \u0160pan\u011blsko \u2013 dne 4. \u00fanora se v prostor\u00e1ch \u201eLa Estaci\u00f3n de la Ciencia y la Tecnolog\u00eda\u201c v Burgosu uskute\u010dnila multiplika\u010dn\u00ed akce projektu IDEAL. Setk\u00e1n\u00ed spojilo r\u016fznorodou skupinu [&#8230;]<\/p>\n","protected":false},"author":81,"featured_media":4070,"comment_status":"open","ping_status":"open","sticky":false,"template":"","format":"standard","meta":{"footnotes":""},"categories":[23],"tags":[],"class_list":["post-4105","post","type-post","status-publish","format-standard","has-post-thumbnail","hentry","category-zpravy"],"_links":{"self":[{"href":"https:\/\/idealearning.eu\/cs\/wp-json\/wp\/v2\/posts\/4105","targetHints":{"allow":["GET"]}}],"collection":[{"href":"https:\/\/idealearning.eu\/cs\/wp-json\/wp\/v2\/posts"}],"about":[{"href":"https:\/\/idealearning.eu\/cs\/wp-json\/wp\/v2\/types\/post"}],"author":[{"embeddable":true,"href":"https:\/\/idealearning.eu\/cs\/wp-json\/wp\/v2\/users\/81"}],"replies":[{"embeddable":true,"href":"https:\/\/idealearning.eu\/cs\/wp-json\/wp\/v2\/comments?post=4105"}],"version-history":[{"count":0,"href":"https:\/\/idealearning.eu\/cs\/wp-json\/wp\/v2\/posts\/4105\/revisions"}],"wp:featuredmedia":[{"embeddable":true,"href":"https:\/\/idealearning.eu\/cs\/wp-json\/wp\/v2\/media\/4070"}],"wp:attachment":[{"href":"https:\/\/idealearning.eu\/cs\/wp-json\/wp\/v2\/media?parent=4105"}],"wp:term":[{"taxonomy":"category","embeddable":true,"href":"https:\/\/idealearning.eu\/cs\/wp-json\/wp\/v2\/categories?post=4105"},{"taxonomy":"post_tag","embeddable":true,"href":"https:\/\/idealearning.eu\/cs\/wp-json\/wp\/v2\/tags?post=4105"}],"curies":[{"name":"wp","href":"https:\/\/api.w.org\/{rel}","templated":true}]}}