{"id":1489,"date":"2023-05-02T10:55:04","date_gmt":"2023-05-02T10:55:04","guid":{"rendered":"http:\/\/idealearning.eu\/?p=1489"},"modified":"2023-06-16T18:04:22","modified_gmt":"2023-06-16T18:04:22","slug":"el-consorcio-del-proyecto-ideal-se-reune-en-lisboa","status":"publish","type":"post","link":"https:\/\/idealearning.eu\/es\/blog\/2023\/05\/02\/el-consorcio-del-proyecto-ideal-se-reune-en-lisboa\/","title":{"rendered":"El consorcio del proyecto IDEAL se re\u00fane en Lisboa."},"content":{"rendered":"\n<p>El 27 y 28 de Abril, los socios de IDEAL se reunieron en Lisboa para la segunda reuni\u00f3n transnacional de este proyecto Erasmus+.&nbsp;<\/p>\n\n\n\n<p>Durante esta reuni\u00f3n, Abad\u00eda tecnol\u00f3gica, present\u00f3 la plataforma que se ha dise\u00f1ado atendiendo a las evaluaciones realizadas en las diferentes entidades, adem\u00e1s cada uno de los socios expuso sus avances dentro del proyecto. Por ejemplo, Autism-Europe present\u00f3 una revision de las actividades de comunicaci\u00f3n y los siguientes pasos en cuanto a la divulgaci\u00f3n de IDEAL, como la creaci\u00f3n de un blog en la p\u00e1gina web y un video de presentaci\u00f3n del proyecto. As\u00ed mismo se dise\u00f1aron las pr\u00f3ximas actuaciones y se determinaron las directrices de publicaciones cient\u00edficas y de transferencia social.&nbsp;&nbsp;<\/p>\n\n\n\n<p>Este proyecto finalizar\u00e1 en 2025 con la publicaci\u00f3n de una herramienta digital que permita acceder a los recursos m\u00e1s apropiados para personas con autismo, sus familiares y profesionales del sector.&nbsp;<\/p>\n\n\n\n<p>El proyecto\u202fIDEAL (Educaci\u00f3n Digital Inclusiva para el Aprendizaje de Personas Autistas) tiene como objetivo eliminar la brecha digital que padecen las personas autistas, facilitando el acceso aut\u00f3nomo e igualitario a las tecnolog\u00edas digitales que garanticen la continuidad de sus procesos educativos y de su entorno social, incluso en situaciones de aislamiento por cualquier motivo.&nbsp;<\/p>\n\n\n\n<p>Tambi\u00e9n pudimos disfrutar de un paseo por la capital portuguesa y disfrutar de una cena juntos mientras escuch\u00e1bamos a un grupo en directo cantando m\u00fasica t\u00edpica de la regi\u00f3n del Alentejo.&nbsp;<\/p>\n\n\n\n<p>Para abordar este proyecto se cuenta con un amplio equipo multidisciplinar coordinado por la Universidad de Burgos: La Federaci\u00f3n Portuguesa de Autismo (Portugal), Autismo Europa (B\u00e9lgica), Fundaci\u00f3n Miradas (Espa\u00f1a), Tady to M\u00e1m R\u00e1d (asociaci\u00f3n de Autismo de la Rep\u00fablica Checa), Fondacija Hiljadu Zelja (fundaci\u00f3n Serbia especialista en Autismo) y Abad\u00eda Tecnol\u00f3gica (Espa\u00f1a).&nbsp;<\/p>\n","protected":false},"excerpt":{"rendered":"<p>El 27 y 28 de Abril, los socios de IDEAL se reunieron en Lisboa para la segunda reuni\u00f3n transnacional de este proyecto Erasmus+.&nbsp; Durante esta reuni\u00f3n, Abad\u00eda tecnol\u00f3gica, present\u00f3 [&#8230;]<\/p>\n","protected":false},"author":2,"featured_media":1488,"comment_status":"open","ping_status":"open","sticky":false,"template":"","format":"standard","meta":{"footnotes":""},"categories":[76,68],"tags":[],"class_list":["post-1489","post","type-post","status-publish","format-standard","has-post-thumbnail","hentry","category-actividades-del-proyecto","category-reuniones"],"_links":{"self":[{"href":"https:\/\/idealearning.eu\/es\/wp-json\/wp\/v2\/posts\/1489","targetHints":{"allow":["GET"]}}],"collection":[{"href":"https:\/\/idealearning.eu\/es\/wp-json\/wp\/v2\/posts"}],"about":[{"href":"https:\/\/idealearning.eu\/es\/wp-json\/wp\/v2\/types\/post"}],"author":[{"embeddable":true,"href":"https:\/\/idealearning.eu\/es\/wp-json\/wp\/v2\/users\/2"}],"replies":[{"embeddable":true,"href":"https:\/\/idealearning.eu\/es\/wp-json\/wp\/v2\/comments?post=1489"}],"version-history":[{"count":1,"href":"https:\/\/idealearning.eu\/es\/wp-json\/wp\/v2\/posts\/1489\/revisions"}],"predecessor-version":[{"id":1491,"href":"https:\/\/idealearning.eu\/es\/wp-json\/wp\/v2\/posts\/1489\/revisions\/1491"}],"wp:featuredmedia":[{"embeddable":true,"href":"https:\/\/idealearning.eu\/es\/wp-json\/wp\/v2\/media\/1488"}],"wp:attachment":[{"href":"https:\/\/idealearning.eu\/es\/wp-json\/wp\/v2\/media?parent=1489"}],"wp:term":[{"taxonomy":"category","embeddable":true,"href":"https:\/\/idealearning.eu\/es\/wp-json\/wp\/v2\/categories?post=1489"},{"taxonomy":"post_tag","embeddable":true,"href":"https:\/\/idealearning.eu\/es\/wp-json\/wp\/v2\/tags?post=1489"}],"curies":[{"name":"wp","href":"https:\/\/api.w.org\/{rel}","templated":true}]}}