{"id":4016,"date":"2024-10-30T16:18:44","date_gmt":"2024-10-30T16:18:44","guid":{"rendered":"https:\/\/idealearning.eu\/blog\/2024\/10\/30\/la-ubu-presenta-proyectos-europeos-sobre-inclusion-y-tecnologia-aplicada-en-varios-cursos\/"},"modified":"2024-10-30T16:18:44","modified_gmt":"2024-10-30T16:18:44","slug":"la-ubu-presenta-proyectos-europeos-sobre-inclusion-y-tecnologia-aplicada-en-varios-cursos","status":"publish","type":"post","link":"https:\/\/idealearning.eu\/es\/blog\/2024\/10\/30\/la-ubu-presenta-proyectos-europeos-sobre-inclusion-y-tecnologia-aplicada-en-varios-cursos\/","title":{"rendered":"La UBU presenta Proyectos Europeos sobre Inclusi\u00f3n y tecnolog\u00eda Aplicada en varios cursos"},"content":{"rendered":"<p>Durante las sesiones que tuvieron lugar el lunes 14 de octubre, y el mi\u00e9rcoles 16 de octubre, la Universidad de Burgos (UBU) present\u00f3 Proyectos Europeos innovadores tanto en el Grado en Pedagog\u00eda como en el M\u00e1ster en Educaci\u00f3n y Sociedad Inclusivas, con especial atenci\u00f3n a la integraci\u00f3n de las nuevas tecnolog\u00edas. Estas presentaciones tuvieron lugar en el marco de la semana ErasmusDays, celebrada del 14 al 19 de octubre. <\/p>\n<p><strong>14 de octubre &#8211; Grado en Pedagog\u00eda<\/strong><\/p>\n<p>En el marco de las asignaturas \u201c<strong>Integraci\u00f3n Laboral<\/strong>\u201d y \u201c<strong>Recursos de Comunicaci\u00f3n y Adaptaci\u00f3n a Usuarios<\/strong>\u201d, un grupo de 30 alumnos asisti\u00f3 a una presentaci\u00f3n sobre diversas aplicaciones y recursos tecnol\u00f3gicos destinados a mejorar la integraci\u00f3n laboral y la comunicaci\u00f3n con personas con discapacidad. La respuesta fue muy positiva, mostr\u00e1ndose un gran inter\u00e9s por estas herramientas innovadoras, especialmente las destinadas a apoyar la adaptaci\u00f3n y accesibilidad laboral. <\/p>\n<p><strong>16 de octubre \u2013 M\u00e1ster en Educaci\u00f3n y Sociedad Inclusivas<\/strong><\/p>\n<p>El mi\u00e9rcoles, en los cursos \u201c<strong>Calidad de vida y servicios para personas con discapacidad<\/strong>\u201d y \u201c<strong>La educaci\u00f3n en valores en la escuela inclusiva<\/strong>\u201d, un grupo m\u00e1s reducido, de 12 estudiantes tuvo la oportunidad de profundizar en Proyectos de investigaci\u00f3n Europeos. Se presentaron ejemplos concretos, demostrando c\u00f3mo se pueden aplicar diferentes t\u00e9cnicas de investigaci\u00f3n (durante el M\u00e1ster se estudan m\u00e9todos de investigaci\u00f3n). Adem\u00e1s, se expusieron otros Proyectos Europeos desarrollados por la UBU.<\/p>\n<p>Durante la session, se proporcionaron recursos pr\u00e1cticos para facilitar la b\u00fasqueda de aplicaciones tecnol\u00f3gicas que puedan mejorar la calidad de vida de las personas con discapacidad, sus familias y los profesionales que trabajan en este campo.  <\/p>\n<p><strong>Innovaci\u00f3n y compromiso con la inclusi\u00f3n<\/strong><\/p>\n<p>En ambas sesiones, los estudiantes manifestaron un gran inter\u00e9s, sobre todo porque desconoc\u00edan el impacto que estos Proyectos Europeos tienen en la mejora de la vida de las personas con autismo, sus familias y los profesionales que les prestan apoyo. La introducci\u00f3n a las nuevas herramientas tecnol\u00f3gicas y su potencial para transformar vidas fue muy apreciada por los asistentes.<\/p>\n<p>A trav\u00e9s de estos proyectos, la Universidad de Burgos reafirma su compromiso con la inclusi\u00f3n y la promoci\u00f3n de soluciones tecnol\u00f3gicas aplicadas al \u00e1mbito de la discapacidad, contribuyendo al avance del conocimiento y a su aplicaci\u00f3n pr\u00e1ctica. <\/p>\n<p><img decoding=\"async\" class=\"lazyload alignnone size-medium wp-image-3986\" src=\"http:\/\/idealearning.eu\/wp-content\/uploads\/2024\/10\/WhatsApp-Image-2024-10-14-at-15.51.42-3-300x225.jpeg\" data-orig-src=\"http:\/\/idealearning.eu\/wp-content\/uploads\/2024\/10\/WhatsApp-Image-2024-10-14-at-15.51.42-3-300x225.jpeg\" alt=\"\" width=\"300\" height=\"225\" srcset=\"data:image\/svg+xml,%3Csvg%20xmlns%3D%27http%3A%2F%2Fwww.w3.org%2F2000%2Fsvg%27%20width%3D%27300%27%20height%3D%27225%27%20viewBox%3D%270%200%20300%20225%27%3E%3Crect%20width%3D%27300%27%20height%3D%27225%27%20fill-opacity%3D%220%22%2F%3E%3C%2Fsvg%3E\" data-srcset=\"https:\/\/idealearning.eu\/wp-content\/uploads\/2024\/10\/WhatsApp-Image-2024-10-14-at-15.51.42-3-200x150.jpeg 200w, https:\/\/idealearning.eu\/wp-content\/uploads\/2024\/10\/WhatsApp-Image-2024-10-14-at-15.51.42-3-300x225.jpeg 300w, https:\/\/idealearning.eu\/wp-content\/uploads\/2024\/10\/WhatsApp-Image-2024-10-14-at-15.51.42-3-400x300.jpeg 400w, https:\/\/idealearning.eu\/wp-content\/uploads\/2024\/10\/WhatsApp-Image-2024-10-14-at-15.51.42-3-600x450.jpeg 600w, https:\/\/idealearning.eu\/wp-content\/uploads\/2024\/10\/WhatsApp-Image-2024-10-14-at-15.51.42-3-768x576.jpeg 768w, https:\/\/idealearning.eu\/wp-content\/uploads\/2024\/10\/WhatsApp-Image-2024-10-14-at-15.51.42-3-800x600.jpeg 800w, https:\/\/idealearning.eu\/wp-content\/uploads\/2024\/10\/WhatsApp-Image-2024-10-14-at-15.51.42-3-1024x768.jpeg 1024w, https:\/\/idealearning.eu\/wp-content\/uploads\/2024\/10\/WhatsApp-Image-2024-10-14-at-15.51.42-3-1200x900.jpeg 1200w, https:\/\/idealearning.eu\/wp-content\/uploads\/2024\/10\/WhatsApp-Image-2024-10-14-at-15.51.42-3-1536x1152.jpeg 1536w, https:\/\/idealearning.eu\/wp-content\/uploads\/2024\/10\/WhatsApp-Image-2024-10-14-at-15.51.42-3.jpeg 1600w\" data-sizes=\"auto\" data-orig-sizes=\"(max-width: 300px) 100vw, 300px\" \/> <img decoding=\"async\" class=\"lazyload alignnone size-medium wp-image-3992\" src=\"http:\/\/idealearning.eu\/wp-content\/uploads\/2024\/10\/WhatsApp-Image-2024-10-18-at-16.54.58-1-300x225.jpeg\" data-orig-src=\"http:\/\/idealearning.eu\/wp-content\/uploads\/2024\/10\/WhatsApp-Image-2024-10-18-at-16.54.58-1-300x225.jpeg\" alt=\"\" width=\"300\" height=\"225\" srcset=\"data:image\/svg+xml,%3Csvg%20xmlns%3D%27http%3A%2F%2Fwww.w3.org%2F2000%2Fsvg%27%20width%3D%27300%27%20height%3D%27225%27%20viewBox%3D%270%200%20300%20225%27%3E%3Crect%20width%3D%27300%27%20height%3D%27225%27%20fill-opacity%3D%220%22%2F%3E%3C%2Fsvg%3E\" data-srcset=\"https:\/\/idealearning.eu\/wp-content\/uploads\/2024\/10\/WhatsApp-Image-2024-10-18-at-16.54.58-1-200x150.jpeg 200w, https:\/\/idealearning.eu\/wp-content\/uploads\/2024\/10\/WhatsApp-Image-2024-10-18-at-16.54.58-1-300x225.jpeg 300w, https:\/\/idealearning.eu\/wp-content\/uploads\/2024\/10\/WhatsApp-Image-2024-10-18-at-16.54.58-1-400x300.jpeg 400w, https:\/\/idealearning.eu\/wp-content\/uploads\/2024\/10\/WhatsApp-Image-2024-10-18-at-16.54.58-1-600x450.jpeg 600w, https:\/\/idealearning.eu\/wp-content\/uploads\/2024\/10\/WhatsApp-Image-2024-10-18-at-16.54.58-1-768x576.jpeg 768w, https:\/\/idealearning.eu\/wp-content\/uploads\/2024\/10\/WhatsApp-Image-2024-10-18-at-16.54.58-1-800x600.jpeg 800w, https:\/\/idealearning.eu\/wp-content\/uploads\/2024\/10\/WhatsApp-Image-2024-10-18-at-16.54.58-1-1024x768.jpeg 1024w, https:\/\/idealearning.eu\/wp-content\/uploads\/2024\/10\/WhatsApp-Image-2024-10-18-at-16.54.58-1-1200x900.jpeg 1200w, https:\/\/idealearning.eu\/wp-content\/uploads\/2024\/10\/WhatsApp-Image-2024-10-18-at-16.54.58-1-1536x1152.jpeg 1536w, https:\/\/idealearning.eu\/wp-content\/uploads\/2024\/10\/WhatsApp-Image-2024-10-18-at-16.54.58-1.jpeg 1600w\" data-sizes=\"auto\" data-orig-sizes=\"(max-width: 300px) 100vw, 300px\" \/><\/p>\n","protected":false},"excerpt":{"rendered":"<p>Durante las sesiones que tuvieron lugar el lunes 14 de octubre, y el mi\u00e9rcoles 16 de octubre, la Universidad de Burgos (UBU) present\u00f3 Proyectos Europeos innovadores tanto en el [&#8230;]<\/p>\n","protected":false},"author":81,"featured_media":4005,"comment_status":"open","ping_status":"open","sticky":false,"template":"","format":"standard","meta":{"footnotes":""},"categories":[11],"tags":[],"class_list":["post-4016","post","type-post","status-publish","format-standard","has-post-thumbnail","hentry","category-noticias"],"_links":{"self":[{"href":"https:\/\/idealearning.eu\/es\/wp-json\/wp\/v2\/posts\/4016","targetHints":{"allow":["GET"]}}],"collection":[{"href":"https:\/\/idealearning.eu\/es\/wp-json\/wp\/v2\/posts"}],"about":[{"href":"https:\/\/idealearning.eu\/es\/wp-json\/wp\/v2\/types\/post"}],"author":[{"embeddable":true,"href":"https:\/\/idealearning.eu\/es\/wp-json\/wp\/v2\/users\/81"}],"replies":[{"embeddable":true,"href":"https:\/\/idealearning.eu\/es\/wp-json\/wp\/v2\/comments?post=4016"}],"version-history":[{"count":0,"href":"https:\/\/idealearning.eu\/es\/wp-json\/wp\/v2\/posts\/4016\/revisions"}],"wp:featuredmedia":[{"embeddable":true,"href":"https:\/\/idealearning.eu\/es\/wp-json\/wp\/v2\/media\/4005"}],"wp:attachment":[{"href":"https:\/\/idealearning.eu\/es\/wp-json\/wp\/v2\/media?parent=4016"}],"wp:term":[{"taxonomy":"category","embeddable":true,"href":"https:\/\/idealearning.eu\/es\/wp-json\/wp\/v2\/categories?post=4016"},{"taxonomy":"post_tag","embeddable":true,"href":"https:\/\/idealearning.eu\/es\/wp-json\/wp\/v2\/tags?post=4016"}],"curies":[{"name":"wp","href":"https:\/\/api.w.org\/{rel}","templated":true}]}}