{"id":4101,"date":"2025-02-06T15:09:37","date_gmt":"2025-02-06T15:09:37","guid":{"rendered":"https:\/\/idealearning.eu\/blog\/2025\/02\/06\/burgos-acoge-con-exito-un-evento-del-proyecto-ideal-sobre-autismo-y-tecnologia\/"},"modified":"2025-02-06T15:09:37","modified_gmt":"2025-02-06T15:09:37","slug":"burgos-acoge-con-exito-un-evento-del-proyecto-ideal-sobre-autismo-y-tecnologia","status":"publish","type":"post","link":"https:\/\/idealearning.eu\/es\/blog\/2025\/02\/06\/burgos-acoge-con-exito-un-evento-del-proyecto-ideal-sobre-autismo-y-tecnologia\/","title":{"rendered":"Burgos acoge con \u00e9xito un Evento del Proyecto IDEAL sobre Autismo y Tecnolog\u00eda"},"content":{"rendered":"<p>&nbsp;<\/p>\n<p>Burgos, Espa\u00f1a \u2013 el 4 de febrero en \u201cLa Estaci\u00f3n de la Ciencia y la Tecnolog\u00eda\u201d en Burgos acogi\u00f3 un vibrante acto multiplicador del proyecto IDEAL. Este encuentro reuni\u00f3 a un variado grupo de partes interesadas deseosas de compartir impresiones sobre los avances del proyecto y explorar c\u00f3mo la tecnolog\u00eda puede ayudar mejor a las personas con autismo.<\/p>\n<p>La jornada comenz\u00f3 con una interesante presentaci\u00f3n de Miguel G\u00f3mez, director de Fundaci\u00f3n Miradas. G\u00f3mez ofreci\u00f3 una visi\u00f3n general del proyecto IDEAL, hablando de sus iniciativas sociales, su presupuesto, sus logros y las reuniones del equipo del proyecto que han tenido lugar en los \u00faltimos tres a\u00f1os. Tras Miguel, Sandra Nieto, de la Universidad de Burgos, subi\u00f3 al escenario para explicar el estudio de aplicaci\u00f3n que ayud\u00f3 a dar forma a los criterios de la plataforma y a la selecci\u00f3n de aplicaciones incluidas en el proyecto. A continuaci\u00f3n, Marta Arroyo, de Fundaci\u00f3n Miradas, impresion\u00f3 al p\u00fablico con una demostraci\u00f3n en directo de la plataforma. Hizo una demostraci\u00f3n en directo de la plataforma, guiando a los asistentes a trav\u00e9s del proceso de registro, mostrando sus caracter\u00edsticas de acceso y diversas funcionalidades, lo que facilit\u00f3 a los asistentes ver el impacto potencial del proyecto.<\/p>\n<p>La segunda parte del acto se dedic\u00f3 a una animada mesa redonda, moderada por Mar\u00eda Merino, de Fundaci\u00f3n Miradas. En ella participaron dos j\u00f3venes con autismo, Adri\u00e1n Navarro y Gabriel Garc\u00eda, que hablaron de sus experiencias con las tecnolog\u00edas de la informaci\u00f3n y la comunicaci\u00f3n (TIC). Compartieron c\u00f3mo estas herramientas se han convertido en esenciales para ayudarles a desenvolverse en su vida diaria.<\/p>\n<p>Tambi\u00e9n particip\u00f3 en la mesa redonda Ignacio Calle, creador de aplicaciones como \u00abTempus\u00bb y \u00abGestiac\u00bb, que aport\u00f3 una perspectiva m\u00e1s amplia sobre el papel de la tecnolog\u00eda en el apoyo a las personas con autismo en diversos aspectos de la vida. Para concluir las presentaciones, Miguel Lancho y Beatriz Mart\u00ednez, de Autismo Burgos, presentaron su nueva y emocionante aplicaci\u00f3n, ConectaTEA, cuyo objetivo es mejorar a\u00fan m\u00e1s el apoyo a la comunidad.<\/p>\n<p>Al finalizar el acto, los asistentes disfrutaron de un aperitivo que cre\u00f3 un ambiente relajado para compartir experiencias, intercambiar ideas y conectar entre s\u00ed. En general, el acto puso de relieve la dedicaci\u00f3n del proyecto IDEAL a aprovechar la tecnolog\u00eda para mejorar la vida de las personas con autismo, fomentando al mismo tiempo conversaciones significativas entre todos los participantes.<\/p>\n<p><img decoding=\"async\" class=\"lazyload alignnone size-medium wp-image-4044\" src=\"http:\/\/idealearning.eu\/wp-content\/uploads\/2025\/02\/WhatsApp-Image-2025-02-04-at-19.06.15-300x225.jpeg\" data-orig-src=\"http:\/\/idealearning.eu\/wp-content\/uploads\/2025\/02\/WhatsApp-Image-2025-02-04-at-19.06.15-300x225.jpeg\" alt=\"\" width=\"300\" height=\"225\" srcset=\"data:image\/svg+xml,%3Csvg%20xmlns%3D%27http%3A%2F%2Fwww.w3.org%2F2000%2Fsvg%27%20width%3D%27300%27%20height%3D%27225%27%20viewBox%3D%270%200%20300%20225%27%3E%3Crect%20width%3D%27300%27%20height%3D%27225%27%20fill-opacity%3D%220%22%2F%3E%3C%2Fsvg%3E\" data-srcset=\"https:\/\/idealearning.eu\/wp-content\/uploads\/2025\/02\/WhatsApp-Image-2025-02-04-at-19.06.15-200x150.jpeg 200w, https:\/\/idealearning.eu\/wp-content\/uploads\/2025\/02\/WhatsApp-Image-2025-02-04-at-19.06.15-300x225.jpeg 300w, https:\/\/idealearning.eu\/wp-content\/uploads\/2025\/02\/WhatsApp-Image-2025-02-04-at-19.06.15-400x300.jpeg 400w, https:\/\/idealearning.eu\/wp-content\/uploads\/2025\/02\/WhatsApp-Image-2025-02-04-at-19.06.15-600x450.jpeg 600w, https:\/\/idealearning.eu\/wp-content\/uploads\/2025\/02\/WhatsApp-Image-2025-02-04-at-19.06.15-768x576.jpeg 768w, https:\/\/idealearning.eu\/wp-content\/uploads\/2025\/02\/WhatsApp-Image-2025-02-04-at-19.06.15-800x600.jpeg 800w, https:\/\/idealearning.eu\/wp-content\/uploads\/2025\/02\/WhatsApp-Image-2025-02-04-at-19.06.15-1024x768.jpeg 1024w, https:\/\/idealearning.eu\/wp-content\/uploads\/2025\/02\/WhatsApp-Image-2025-02-04-at-19.06.15-1200x900.jpeg 1200w, https:\/\/idealearning.eu\/wp-content\/uploads\/2025\/02\/WhatsApp-Image-2025-02-04-at-19.06.15-1536x1152.jpeg 1536w, https:\/\/idealearning.eu\/wp-content\/uploads\/2025\/02\/WhatsApp-Image-2025-02-04-at-19.06.15.jpeg 2040w\" data-sizes=\"auto\" data-orig-sizes=\"(max-width: 300px) 100vw, 300px\" \/> <img decoding=\"async\" class=\"lazyload alignnone size-medium wp-image-4050\" src=\"http:\/\/idealearning.eu\/wp-content\/uploads\/2025\/02\/WhatsApp-Image-2025-02-04-at-18.49.00-300x225.jpeg\" data-orig-src=\"http:\/\/idealearning.eu\/wp-content\/uploads\/2025\/02\/WhatsApp-Image-2025-02-04-at-18.49.00-300x225.jpeg\" alt=\"\" width=\"300\" height=\"225\" srcset=\"data:image\/svg+xml,%3Csvg%20xmlns%3D%27http%3A%2F%2Fwww.w3.org%2F2000%2Fsvg%27%20width%3D%27300%27%20height%3D%27225%27%20viewBox%3D%270%200%20300%20225%27%3E%3Crect%20width%3D%27300%27%20height%3D%27225%27%20fill-opacity%3D%220%22%2F%3E%3C%2Fsvg%3E\" data-srcset=\"https:\/\/idealearning.eu\/wp-content\/uploads\/2025\/02\/WhatsApp-Image-2025-02-04-at-18.49.00-200x150.jpeg 200w, https:\/\/idealearning.eu\/wp-content\/uploads\/2025\/02\/WhatsApp-Image-2025-02-04-at-18.49.00-300x225.jpeg 300w, https:\/\/idealearning.eu\/wp-content\/uploads\/2025\/02\/WhatsApp-Image-2025-02-04-at-18.49.00-400x300.jpeg 400w, https:\/\/idealearning.eu\/wp-content\/uploads\/2025\/02\/WhatsApp-Image-2025-02-04-at-18.49.00-600x450.jpeg 600w, https:\/\/idealearning.eu\/wp-content\/uploads\/2025\/02\/WhatsApp-Image-2025-02-04-at-18.49.00-768x576.jpeg 768w, https:\/\/idealearning.eu\/wp-content\/uploads\/2025\/02\/WhatsApp-Image-2025-02-04-at-18.49.00-800x600.jpeg 800w, https:\/\/idealearning.eu\/wp-content\/uploads\/2025\/02\/WhatsApp-Image-2025-02-04-at-18.49.00-1024x768.jpeg 1024w, https:\/\/idealearning.eu\/wp-content\/uploads\/2025\/02\/WhatsApp-Image-2025-02-04-at-18.49.00-1200x900.jpeg 1200w, https:\/\/idealearning.eu\/wp-content\/uploads\/2025\/02\/WhatsApp-Image-2025-02-04-at-18.49.00-1536x1152.jpeg 1536w, https:\/\/idealearning.eu\/wp-content\/uploads\/2025\/02\/WhatsApp-Image-2025-02-04-at-18.49.00.jpeg 2000w\" data-sizes=\"auto\" data-orig-sizes=\"(max-width: 300px) 100vw, 300px\" \/>  <img decoding=\"async\" class=\"lazyload alignnone size-medium wp-image-4062\" src=\"http:\/\/idealearning.eu\/wp-content\/uploads\/2025\/02\/WhatsApp-Image-2025-02-04-at-18.15.05-300x225.jpeg\" data-orig-src=\"http:\/\/idealearning.eu\/wp-content\/uploads\/2025\/02\/WhatsApp-Image-2025-02-04-at-18.15.05-300x225.jpeg\" alt=\"\" width=\"300\" height=\"225\" srcset=\"data:image\/svg+xml,%3Csvg%20xmlns%3D%27http%3A%2F%2Fwww.w3.org%2F2000%2Fsvg%27%20width%3D%27300%27%20height%3D%27225%27%20viewBox%3D%270%200%20300%20225%27%3E%3Crect%20width%3D%27300%27%20height%3D%27225%27%20fill-opacity%3D%220%22%2F%3E%3C%2Fsvg%3E\" data-srcset=\"https:\/\/idealearning.eu\/wp-content\/uploads\/2025\/02\/WhatsApp-Image-2025-02-04-at-18.15.05-200x150.jpeg 200w, https:\/\/idealearning.eu\/wp-content\/uploads\/2025\/02\/WhatsApp-Image-2025-02-04-at-18.15.05-300x225.jpeg 300w, https:\/\/idealearning.eu\/wp-content\/uploads\/2025\/02\/WhatsApp-Image-2025-02-04-at-18.15.05-400x300.jpeg 400w, https:\/\/idealearning.eu\/wp-content\/uploads\/2025\/02\/WhatsApp-Image-2025-02-04-at-18.15.05-600x450.jpeg 600w, https:\/\/idealearning.eu\/wp-content\/uploads\/2025\/02\/WhatsApp-Image-2025-02-04-at-18.15.05-768x576.jpeg 768w, https:\/\/idealearning.eu\/wp-content\/uploads\/2025\/02\/WhatsApp-Image-2025-02-04-at-18.15.05-800x600.jpeg 800w, https:\/\/idealearning.eu\/wp-content\/uploads\/2025\/02\/WhatsApp-Image-2025-02-04-at-18.15.05-1024x768.jpeg 1024w, https:\/\/idealearning.eu\/wp-content\/uploads\/2025\/02\/WhatsApp-Image-2025-02-04-at-18.15.05-1200x900.jpeg 1200w, https:\/\/idealearning.eu\/wp-content\/uploads\/2025\/02\/WhatsApp-Image-2025-02-04-at-18.15.05-1536x1152.jpeg 1536w, https:\/\/idealearning.eu\/wp-content\/uploads\/2025\/02\/WhatsApp-Image-2025-02-04-at-18.15.05.jpeg 2000w\" data-sizes=\"auto\" data-orig-sizes=\"(max-width: 300px) 100vw, 300px\" \/><\/p>\n","protected":false},"excerpt":{"rendered":"<p>&nbsp; Burgos, Espa\u00f1a \u2013 el 4 de febrero en \u201cLa Estaci\u00f3n de la Ciencia y la Tecnolog\u00eda\u201d en Burgos acogi\u00f3 un vibrante acto multiplicador del proyecto IDEAL. Este encuentro [&#8230;]<\/p>\n","protected":false},"author":81,"featured_media":4074,"comment_status":"open","ping_status":"open","sticky":false,"template":"","format":"standard","meta":{"footnotes":""},"categories":[11],"tags":[],"class_list":["post-4101","post","type-post","status-publish","format-standard","has-post-thumbnail","hentry","category-noticias"],"_links":{"self":[{"href":"https:\/\/idealearning.eu\/es\/wp-json\/wp\/v2\/posts\/4101","targetHints":{"allow":["GET"]}}],"collection":[{"href":"https:\/\/idealearning.eu\/es\/wp-json\/wp\/v2\/posts"}],"about":[{"href":"https:\/\/idealearning.eu\/es\/wp-json\/wp\/v2\/types\/post"}],"author":[{"embeddable":true,"href":"https:\/\/idealearning.eu\/es\/wp-json\/wp\/v2\/users\/81"}],"replies":[{"embeddable":true,"href":"https:\/\/idealearning.eu\/es\/wp-json\/wp\/v2\/comments?post=4101"}],"version-history":[{"count":0,"href":"https:\/\/idealearning.eu\/es\/wp-json\/wp\/v2\/posts\/4101\/revisions"}],"wp:featuredmedia":[{"embeddable":true,"href":"https:\/\/idealearning.eu\/es\/wp-json\/wp\/v2\/media\/4074"}],"wp:attachment":[{"href":"https:\/\/idealearning.eu\/es\/wp-json\/wp\/v2\/media?parent=4101"}],"wp:term":[{"taxonomy":"category","embeddable":true,"href":"https:\/\/idealearning.eu\/es\/wp-json\/wp\/v2\/categories?post=4101"},{"taxonomy":"post_tag","embeddable":true,"href":"https:\/\/idealearning.eu\/es\/wp-json\/wp\/v2\/tags?post=4101"}],"curies":[{"name":"wp","href":"https:\/\/api.w.org\/{rel}","templated":true}]}}