{"id":3854,"date":"2023-09-14T10:39:13","date_gmt":"2023-09-14T10:39:13","guid":{"rendered":"https:\/\/idealearning.eu\/blog\/2023\/09\/14\/histoire-de-la-creation-dune-nouvelle-maison-en-republique-tcheque\/"},"modified":"2024-06-21T10:44:12","modified_gmt":"2024-06-21T10:44:12","slug":"histoire-de-la-creation-dune-nouvelle-maison-en-republique-tcheque","status":"publish","type":"post","link":"https:\/\/idealearning.eu\/fr\/blog\/2023\/09\/14\/histoire-de-la-creation-dune-nouvelle-maison-en-republique-tcheque\/","title":{"rendered":"Histoire de la cr\u00e9ation d&rsquo;une \u00ab\u00a0Nouvelle maison\u00a0\u00bb en R\u00e9publique tch\u00e8que"},"content":{"rendered":"\n<p>N\u00e9e en 1993 en R\u00e9publique tch\u00e8que, Katka a \u00e9t\u00e9 diagnostiqu\u00e9e autiste \u00e0 l&rsquo;\u00e2ge de cinq ans Bien que ses parents aient re\u00e7u le rapport confirmant le diagnostic de leur fille, ils ont \u00e9t\u00e9 livr\u00e9s \u00e0 eux-m\u00eames pour toutes les autres d\u00e9marches. \u00c0 l&rsquo;\u00e9poque, le diagnostic d&rsquo;autisme \u00e9tait une nouveaut\u00e9 en R\u00e9publique tch\u00e8que et il n&rsquo;existait pas de services sociaux ax\u00e9s sur l&rsquo;autisme. C&rsquo;est ainsi qu&rsquo;a commenc\u00e9 une lutte pour un avenir meilleur qui allait durer plusieurs ann\u00e9es. Ce combat n&rsquo;\u00e9tait pas seulement celui de la petite Katka, mais celui de tous les enfants autistes de la R\u00e9publique tch\u00e8que. <\/p>\n\n<p>La premi\u00e8re initiative a \u00e9t\u00e9 de mettre en place un service d&rsquo;aide personnelle \u00e0 domicile. Ce fut un succ\u00e8s et des assistants ont commenc\u00e9 \u00e0 soutenir les familles d&rsquo;enfants autistes pour la premi\u00e8re fois \u00e0 la fin de l&rsquo;ann\u00e9e 2004. Aujourd&rsquo;hui, de nombreux parents ne peuvent imaginer leur vie sans ce service. <\/p>\n\n<p>De plus, \u00e0 l&rsquo;\u00e9poque, il n&rsquo;\u00e9tait pas possible d&rsquo;inscrire un enfant autiste dans une \u00e9cole ordinaire. Katka a eu la chance d&rsquo;\u00eatre admise dans un centre de jour qui disposait d&rsquo;une classe pour six enfants autistes, la seule en Moravie du Sud (une r\u00e9gion du sud de la Tch\u00e9coslovaquie). Dans les ann\u00e9es qui ont suivi, les parents de Katka ont fond\u00e9, avec le soutien de professionnels d\u00e9vou\u00e9s, la premi\u00e8re \u00e9cole pour enfants autistes \u00e0 \u0160tolcova, en Moravie du Sud. Et apr\u00e8s ? <\/p>\n\n<p>L&rsquo;enseignement sup\u00e9rieur n&rsquo;est pas accessible aux personnes autistes ayant d&rsquo;importants besoins de soutien. Katka passait la plus grande partie de son temps \u00e0 la maison. Et elle n&rsquo;\u00e9tait pas la seule \u00e0 prendre \u00e0 prendre de l&rsquo;\u00e2ge, ses parents aussi. Ils s&rsquo;inqui\u00e9taient de plus en plus du devenir de leur fille lorsqu&rsquo;ils ne seraient plus l\u00e0. C&rsquo;est ainsi qu&rsquo;est n\u00e9, il y a 12 ans, le r\u00eave d&rsquo;une \u00ab\u00a0Nouvelle maison\u00a0\u00bb o\u00f9 Katka pourrait vivre une vie heureuse avec un niveau de soutien qui lui permettrait de d\u00e9velopper son potentiel pour \u00eatre aussi autonome que possible. C&rsquo;est alors que ses parents se sont associ\u00e9s pour cr\u00e9er l&rsquo;association <em>Tady to m\u00e1m r\u00e1d<\/em>. Ils ont re\u00e7u un financement du Programme op\u00e9rationnel r\u00e9gional pour la mise en place du tout premier projet de foyer pour adultes autistes. <\/p>\n\n<p>Cependant, malgr\u00e9 tous leurs efforts, ce projet a \u00e9chou\u00e9 en 2013. \u00c0 la suite d&rsquo;une p\u00e9tition du futur voisinage, les autorit\u00e9s comp\u00e9tentes n&rsquo;ont pas d\u00e9livr\u00e9 le permis de construire. L&rsquo;association <em>Tady to m\u00e1m r\u00e1d<\/em> a d\u00fb restituer les subventions qu&rsquo;elle avait re\u00e7ue. Mais le go\u00fbt amer de ce premier \u00e9chec ne les a pas d\u00e9courager. Les membres de l&rsquo;association ont acquis une exp\u00e9rience pr\u00e9cieuse en participant \u00e0 un projet international ax\u00e9 sur les bonnes pratiques de prise en charge des personnes autistes. <\/p>\n\n<p><strong>Un r\u00eave devenu r\u00e9alit\u00e9<\/strong> <\/p>\n\n<p>En 2018, l&rsquo;association <em>Tady to m\u00e1m r\u00e1d<\/em> a re\u00e7u le soutien de la r\u00e9gion de Moravie du Sud sous la forme d&rsquo;une promesse de mandat pour la prestation d&rsquo;un service d&rsquo;int\u00e9r\u00eat \u00e9conomique g\u00e9n\u00e9ral (c&rsquo;est-\u00e0-dire l&rsquo;exploitation d&rsquo;un service social r\u00e9sidentiel). En 2019, l&rsquo;organisation a \u00e9t\u00e9 int\u00e9gr\u00e9e au r\u00e9seau de services sociaux et a trouv\u00e9 un emplacement id\u00e9al pour \u00e9tablir la \u00ab\u00a0Nouvelle maison\u00a0\u00bb, avec des voisins sympathiques. <\/p>\n\n<p>La r\u00e9gion de Moravie du Sud, la municipalit\u00e9 de Brno et la plupart des municipalit\u00e9s du conseil r\u00e9gional du district de \u0160lapanice, ainsi que le DSO de \u0160lapanicko, ont contribu\u00e9 de mani\u00e8re significative au financement du projet, de m\u00eame que de nombreux sponsors\/donateurs, qu&rsquo;il s&rsquo;agisse d&rsquo;entreprises ou de particuliers. Le r\u00eave d&rsquo;une \u00ab\u00a0Nouvelle maison\u00a0\u00bb a commenc\u00e9 tout doucement \u00e0 se concr\u00e9tiser. En d\u00e9cembre 2022, le projet de construction a \u00e9t\u00e9 approuv\u00e9. L&rsquo;enregistrement aupr\u00e8s des services sociaux a d\u00e9but\u00e9 le 1er mai 2023, date \u00e0 laquelle les services r\u00e9sidentiels pr\u00e9vus de longue date ont commenc\u00e9 \u00e0 \u00eatre fournis. <\/p>\n\n<p><strong>A quoi ressemble la \u00ab\u00a0Nouvelle maison\u00a0\u00bb et comment fonctionnera le service ?<\/strong> <\/p>\n\n<p>La \u00ab\u00a0Nouvelle Maison\u00a0\u00bb est une grande maison familiale comprenant six chambres individuelles, que chacun des futurs r\u00e9sidents pourra d\u00e9corer selon ses go\u00fbts. Les salles de bains et les toilettes sont accessibles aux fauteuils roulants. Au coeur de la maison, la grande cuisine et son ilot de cuisson permettront de pr\u00e9parer les repas ensemble. Les r\u00e9sidents participeront aux t\u00e2ches m\u00e9nag\u00e8res, en fonction de leurs propres capacit\u00e9s et avec le niveau de soutien appropri\u00e9. Il s&rsquo;agit d&rsquo;un processus d&rsquo;apprentissage \u00e0 long terme, l&rsquo;objectif \u00e9tant d&rsquo;accro\u00eetre progressivement l&rsquo;autonomie de tous les r\u00e9sidents. <\/p>\n\n<p>Une partie importante de la salle de s\u00e9jour est constitu\u00e9e de deux salles de travail pour la formation individuelle, notamment l&rsquo;entrainement aux habilt\u00e9s de communication. Une orthophoniste, sp\u00e9cialis\u00e9e dans le d\u00e9veloppement de la communication avec les personnes autistes, fera partie de l&rsquo;\u00e9quipe. <\/p>\n<div class=\"wp-block-image\">\n<figure class=\"alignleft size-large is-resized\"><img decoding=\"async\" src=\"http:\/\/idealearning.eu\/wp-content\/uploads\/2023\/09\/375019487_691749906335360_3533801918042943584_n-e1694687918728-1024x787.jpg\" data-orig-src=\"http:\/\/idealearning.eu\/wp-content\/uploads\/2023\/09\/375019487_691749906335360_3533801918042943584_n-e1694687918728-1024x787.jpg\" alt=\"\" class=\"lazyload wp-image-1767\" style=\"width:496px;height:381px\" width=\"496\" height=\"381\" srcset=\"data:image\/svg+xml,%3Csvg%20xmlns%3D%27http%3A%2F%2Fwww.w3.org%2F2000%2Fsvg%27%20width%3D%27496%27%20height%3D%27381%27%20viewBox%3D%270%200%20496%20381%27%3E%3Crect%20width%3D%27496%27%20height%3D%27381%27%20fill-opacity%3D%220%22%2F%3E%3C%2Fsvg%3E\" data-srcset=\"https:\/\/idealearning.eu\/wp-content\/uploads\/2023\/09\/375019487_691749906335360_3533801918042943584_n-e1694687918728-300x231.jpg 300w, https:\/\/idealearning.eu\/wp-content\/uploads\/2023\/09\/375019487_691749906335360_3533801918042943584_n-e1694687918728-768x591.jpg 768w, https:\/\/idealearning.eu\/wp-content\/uploads\/2023\/09\/375019487_691749906335360_3533801918042943584_n-e1694687918728-1024x787.jpg 1024w, https:\/\/idealearning.eu\/wp-content\/uploads\/2023\/09\/375019487_691749906335360_3533801918042943584_n-e1694687918728.jpg 1536w\" data-sizes=\"auto\" data-orig-sizes=\"(max-width: 496px) 100vw, 496px\" \/><\/figure><\/div>\n<p>Afin d&rsquo;assurer la s\u00e9curit\u00e9 tout en pr\u00e9servant la vie priv\u00e9e des r\u00e9sidents, des \u00e9l\u00e9ments du syst\u00e8me Loxone Smart Home ont \u00e9t\u00e9 install\u00e9s dans la maison. Il s&rsquo;agit notamment d&rsquo;un d\u00e9tecteur de fuite d&rsquo;eau dans chaque salle de bain, ainsi que des contacts magn\u00e9tiques qui signalent l&rsquo;ouverture de portes et de fen\u00eatres. Les alertes pourront \u00eatre diffus\u00e9es via un haut-parleur int\u00e9gr\u00e9 dans la maison, ou envoy\u00e9es sous forme de notifications sur les smartphones du personnel. Les haut-parleurs int\u00e9gr\u00e9s auront aussi d&rsquo;autres fonctions : ils pourront \u00e9mettre certains sons et retransmettre des paroles ou des m\u00e9lodies pr\u00e9enregistr\u00e9es. Il sera ainsi possible d&rsquo;entra\u00eener des personnes autistes \u00e0 une \u00e9vacuation d&rsquo;urgence, notamment en cas d&rsquo;incendie, par exemple, en leur faisant \u00e9couter la chanson \u00ab\u00a0Dancing in the rain\u00a0\u00bb. Une alarme incendie classique serait insupportable ou effrayante pour la plupart des personnes autistes. Ils risqueraient de pleurer, de crier ou de courir se r\u00e9fugier dans leur chambre. <\/p>\n\n<p>La technologie Loxone permet \u00e9galement de g\u00e9rer l&rsquo;\u00e9nergie dans la maison en connectant tous les appareils du syst\u00e8me. Par exemple, en ajustant automatiquement la commande des stores ext\u00e9rieurs, on peut \u00e9viter que la maison ne se refroidisse en hiver et ne se surchauffe en \u00e9t\u00e9. Gr\u00e2ce \u00e0 la possibilit\u00e9 illimit\u00e9e de mettre \u00e0 jour et d&rsquo;adapter les param\u00e8tres du syst\u00e8me, le personnel de la \u00ab\u00a0Nouvelle maison\u00a0\u00bb apprendra en m\u00eame temps que ses r\u00e9sidents. Le syst\u00e8me a \u00e9t\u00e9 programm\u00e9 par Smarteon Systems s.r.o., qui poss\u00e8de une exp\u00e9rience de longue date dans la conception de maisons intelligentes pour les services sociaux. <\/p>\n\n<p>La \u00ab\u00a0Nouvelle maison\u00a0\u00bb se veut \u00eatre un projet pilote destin\u00e9 \u00e0 favoriser d&rsquo;autres exp\u00e9riences soins r\u00e9sidentiels similaires. Selonl&rsquo;association<em>Tady to m\u00e1m r\u00e1d<\/em>, les services r\u00e9sidentiels de proximit\u00e9 pour les personnes autistes vont continuer \u00e0 se d\u00e9velopper. <\/p>\n","protected":false},"excerpt":{"rendered":"<p>N\u00e9e en 1993 en R\u00e9publique tch\u00e8que, Katka a \u00e9t\u00e9 diagnostiqu\u00e9e autiste \u00e0 l&rsquo;\u00e2ge de cinq ans Bien que ses parents aient re\u00e7u le rapport confirmant le diagnostic de leur [&#8230;]<\/p>\n","protected":false},"author":2,"featured_media":3855,"comment_status":"open","ping_status":"open","sticky":false,"template":"","format":"standard","meta":{"footnotes":""},"categories":[185],"tags":[],"class_list":["post-3854","post","type-post","status-publish","format-standard","has-post-thumbnail","hentry","category-actualites"],"_links":{"self":[{"href":"https:\/\/idealearning.eu\/fr\/wp-json\/wp\/v2\/posts\/3854","targetHints":{"allow":["GET"]}}],"collection":[{"href":"https:\/\/idealearning.eu\/fr\/wp-json\/wp\/v2\/posts"}],"about":[{"href":"https:\/\/idealearning.eu\/fr\/wp-json\/wp\/v2\/types\/post"}],"author":[{"embeddable":true,"href":"https:\/\/idealearning.eu\/fr\/wp-json\/wp\/v2\/users\/2"}],"replies":[{"embeddable":true,"href":"https:\/\/idealearning.eu\/fr\/wp-json\/wp\/v2\/comments?post=3854"}],"version-history":[{"count":1,"href":"https:\/\/idealearning.eu\/fr\/wp-json\/wp\/v2\/posts\/3854\/revisions"}],"predecessor-version":[{"id":3857,"href":"https:\/\/idealearning.eu\/fr\/wp-json\/wp\/v2\/posts\/3854\/revisions\/3857"}],"wp:featuredmedia":[{"embeddable":true,"href":"https:\/\/idealearning.eu\/fr\/wp-json\/wp\/v2\/media\/3855"}],"wp:attachment":[{"href":"https:\/\/idealearning.eu\/fr\/wp-json\/wp\/v2\/media?parent=3854"}],"wp:term":[{"taxonomy":"category","embeddable":true,"href":"https:\/\/idealearning.eu\/fr\/wp-json\/wp\/v2\/categories?post=3854"},{"taxonomy":"post_tag","embeddable":true,"href":"https:\/\/idealearning.eu\/fr\/wp-json\/wp\/v2\/tags?post=3854"}],"curies":[{"name":"wp","href":"https:\/\/api.w.org\/{rel}","templated":true}]}}