{"id":4031,"date":"2024-05-30T10:26:51","date_gmt":"2024-05-30T10:26:51","guid":{"rendered":"https:\/\/idealearning.eu\/blog\/2024\/05\/30\/congres-international-de-lautisme-de-burgos-realisations-et-defis\/"},"modified":"2024-05-30T10:26:51","modified_gmt":"2024-05-30T10:26:51","slug":"congres-international-de-lautisme-de-burgos-realisations-et-defis","status":"publish","type":"post","link":"https:\/\/idealearning.eu\/fr\/blog\/2024\/05\/30\/congres-international-de-lautisme-de-burgos-realisations-et-defis\/","title":{"rendered":"Congr\u00e8s international de l&rsquo;autisme de Burgos : \u00ab R\u00e9alisations et d\u00e9fis \u00bb."},"content":{"rendered":"<p>Lors du Congr\u00e8s international d\u2019Autismo Burgos \u00ab Achievements and Challenges \u00bb qui s&rsquo;est tenu les 16, 17 et 18 mai 2024 \u00e0 Burgos, notre coll\u00e8gue a pr\u00e9sent\u00e9 une communication sur l&rsquo;utilisation de la technologie et de l&rsquo;intelligence artificielle dans le domaine de l&rsquo;autisme. Cette communication a mis en \u00e9vidence le r\u00f4le de la technologie dans la conception de mat\u00e9riel et de plateformes de formation et dans l&rsquo;am\u00e9lioration de la qualit\u00e9 de vie des personnes autistes.<\/p>\n<p>Notre coll\u00e8gue a \u00e9galement parl\u00e9 du projet Ideal Learning, qui vise \u00e0 faciliter l&rsquo;utilisation quotidienne de la technologie et des syst\u00e8mes de gestion de l&rsquo;apprentissage (LMS) afin d&rsquo;am\u00e9liorer la qualit\u00e9 de vie des personnes autistes ayant des besoins de soutien plus importants. La pr\u00e9sentation a soulign\u00e9 la valeur de la collaboration et de la cr\u00e9ation de ressources pour assurer un acc\u00e8s universel \u00e0 la technologie et \u00e0 l&rsquo;innovation et favoriser l\u2019inclusion en comblant les lacunes.<\/p>\n<p><iframe style=\"border: none; overflow: hidden;\" src=\"https:\/\/www.facebook.com\/plugins\/video.php?height=314&amp;href=https%3A%2F%2Fwww.facebook.com%2FIDEALprojectAutism%2Fvideos%2F3266773603617816%2F&amp;show_text=false&amp;width=560&amp;t=0\" width=\"560\" height=\"314\" frameborder=\"0\" scrolling=\"no\" allowfullscreen=\"allowfullscreen\"><\/iframe><\/p>\n","protected":false},"excerpt":{"rendered":"<p>Lors du Congr\u00e8s international d\u2019Autismo Burgos \u00ab Achievements and Challenges \u00bb qui s&rsquo;est tenu les 16, 17 et 18 mai 2024 \u00e0 Burgos, notre coll\u00e8gue a pr\u00e9sent\u00e9 une communication [&#8230;]<\/p>\n","protected":false},"author":81,"featured_media":4020,"comment_status":"open","ping_status":"open","sticky":false,"template":"","format":"standard","meta":{"footnotes":""},"categories":[185],"tags":[],"class_list":["post-4031","post","type-post","status-publish","format-standard","has-post-thumbnail","hentry","category-actualites"],"_links":{"self":[{"href":"https:\/\/idealearning.eu\/fr\/wp-json\/wp\/v2\/posts\/4031","targetHints":{"allow":["GET"]}}],"collection":[{"href":"https:\/\/idealearning.eu\/fr\/wp-json\/wp\/v2\/posts"}],"about":[{"href":"https:\/\/idealearning.eu\/fr\/wp-json\/wp\/v2\/types\/post"}],"author":[{"embeddable":true,"href":"https:\/\/idealearning.eu\/fr\/wp-json\/wp\/v2\/users\/81"}],"replies":[{"embeddable":true,"href":"https:\/\/idealearning.eu\/fr\/wp-json\/wp\/v2\/comments?post=4031"}],"version-history":[{"count":0,"href":"https:\/\/idealearning.eu\/fr\/wp-json\/wp\/v2\/posts\/4031\/revisions"}],"wp:featuredmedia":[{"embeddable":true,"href":"https:\/\/idealearning.eu\/fr\/wp-json\/wp\/v2\/media\/4020"}],"wp:attachment":[{"href":"https:\/\/idealearning.eu\/fr\/wp-json\/wp\/v2\/media?parent=4031"}],"wp:term":[{"taxonomy":"category","embeddable":true,"href":"https:\/\/idealearning.eu\/fr\/wp-json\/wp\/v2\/categories?post=4031"},{"taxonomy":"post_tag","embeddable":true,"href":"https:\/\/idealearning.eu\/fr\/wp-json\/wp\/v2\/tags?post=4031"}],"curies":[{"name":"wp","href":"https:\/\/api.w.org\/{rel}","templated":true}]}}