{"id":4032,"date":"2024-10-30T16:18:44","date_gmt":"2024-10-30T16:18:44","guid":{"rendered":"https:\/\/idealearning.eu\/blog\/2024\/10\/30\/lubu-presente-des-projets-europeens-sur-linclusion-et-la-technologie-appliquee-dans-ses-sessions-de-cours\/"},"modified":"2024-10-30T16:18:44","modified_gmt":"2024-10-30T16:18:44","slug":"lubu-presente-des-projets-europeens-sur-linclusion-et-la-technologie-appliquee-dans-ses-sessions-de-cours","status":"publish","type":"post","link":"https:\/\/idealearning.eu\/fr\/blog\/2024\/10\/30\/lubu-presente-des-projets-europeens-sur-linclusion-et-la-technologie-appliquee-dans-ses-sessions-de-cours\/","title":{"rendered":"L&rsquo;UBU pr\u00e9sente des projets europ\u00e9ens sur l&rsquo;inclusion et la technologie appliqu\u00e9e dans ses sessions de cours"},"content":{"rendered":"<p>Lors des sessions de cours du lundi 14 et du mercredi 16 octobre, dispens\u00e9es dans le cadre de la licence en p\u00e9dagogie et du master en \u00e9ducation et soci\u00e9t\u00e9 inclusives, l&rsquo;Universit\u00e9 de Burgos (UBU) a pr\u00e9sent\u00e9 des projets europ\u00e9ens innovants ax\u00e9s sur l&rsquo;int\u00e9gration des nouvelles technologies. Ces pr\u00e9sentations ont eu lieu dans le cadre de la semaine Erasmus Days, c\u00e9l\u00e9br\u00e9e du 14 au 19 octobre.<\/p>\n<p><strong>14 octobre &#8211; Licence en p\u00e9dagogie<\/strong><\/p>\n<p>Dans le cadre des cours \u00ab <strong>Int\u00e9gration professionnelle<\/strong> \u00bb et \u00ab <strong>Ressources de communication et adaptation aux utilisateurs <\/strong>\u00bb, un groupe de 30 \u00e9tudiants a assist\u00e9 \u00e0 une pr\u00e9sentation d\u2019applications et de ressources technologiques visant \u00e0 am\u00e9liorer l&rsquo;int\u00e9gration professionnelle et la communication avec les personnes handicap\u00e9es. Ils ont manifest\u00e9 un grand int\u00e9r\u00eat pour ces outils novateurs, en particulier ceux con\u00e7us pour favoriser l&rsquo;adaptation et l&rsquo;accessibilit\u00e9 \u00e0 l&#8217;emploi.<\/p>\n<p><strong>16 octobre &#8211; Master en \u00e9ducation et soci\u00e9t\u00e9 inclusives<\/strong><\/p>\n<p>Mercredi, dans le cadre des cours \u00ab <strong>Qualit\u00e9 de vie et services pour les personnes handicap\u00e9es<\/strong> \u00bb et \u00ab <strong>\u00c9ducation aux valeurs pour une \u00e9cole inclusive <\/strong>\u00bb, un petit groupe de 12 \u00e9tudiants a pu en savoir plus sur des projets de recherche europ\u00e9ens. Des exemples concrets ont \u00e9t\u00e9 pr\u00e9sent\u00e9s, d\u00e9montrant comment diff\u00e9rentes techniques de recherche (\u00e9tudi\u00e9es dans les cours de m\u00e9thodologie) peuvent \u00eatre appliqu\u00e9es. En outre, d&rsquo;autres projets europ\u00e9ens d\u00e9velopp\u00e9s par l&rsquo;UBU ont \u00e9t\u00e9 pr\u00e9sent\u00e9s.<\/p>\n<p>Au cours des sessions, des ressources pratiques ont \u00e9t\u00e9 fournies pour faciliter la recherche d&rsquo;applications technologiques susceptibles d&rsquo;am\u00e9liorer la qualit\u00e9 de vie des personnes handicap\u00e9es, de leurs familles et des professionnels travaillant dans ce domaine.<\/p>\n<p><strong>Innovation et engagement en faveur de l&rsquo;inclusion<\/strong><\/p>\n<p>Lors de ces deux sessions, les \u00e9tudiants ont manifest\u00e9 un vif int\u00e9r\u00eat, d&rsquo;autant plus qu&rsquo;ils n&rsquo;avaient pas conscience de l&rsquo;impact de ces projets europ\u00e9ens sur l&rsquo;am\u00e9lioration de la qualit\u00e9 de vie des personnes autistes, de leurs familles et des professionnels qui les soutiennent. La pr\u00e9sentation de nouveaux outils technologiques et de leur potentiel \u00e0 am\u00e9liorer la qualit\u00e9 de vie a \u00e9t\u00e9 tr\u00e8s appr\u00e9ci\u00e9e par les participants.<\/p>\n<p>A travers ces projets, l&rsquo;universit\u00e9 de Burgos r\u00e9affirme son engagement en faveur de l&rsquo;inclusion et de la promotion de solutions technologiques appliqu\u00e9es au domaine du handicap, contribuant ainsi \u00e0 l&rsquo;avancement des connaissances et \u00e0 leur application pratique.<\/p>\n<p><img decoding=\"async\" class=\"lazyload alignnone size-medium wp-image-3986\" src=\"http:\/\/idealearning.eu\/wp-content\/uploads\/2024\/10\/WhatsApp-Image-2024-10-14-at-15.51.42-3-300x225.jpeg\" data-orig-src=\"http:\/\/idealearning.eu\/wp-content\/uploads\/2024\/10\/WhatsApp-Image-2024-10-14-at-15.51.42-3-300x225.jpeg\" alt=\"\" width=\"300\" height=\"225\" srcset=\"data:image\/svg+xml,%3Csvg%20xmlns%3D%27http%3A%2F%2Fwww.w3.org%2F2000%2Fsvg%27%20width%3D%27300%27%20height%3D%27225%27%20viewBox%3D%270%200%20300%20225%27%3E%3Crect%20width%3D%27300%27%20height%3D%27225%27%20fill-opacity%3D%220%22%2F%3E%3C%2Fsvg%3E\" data-srcset=\"https:\/\/idealearning.eu\/wp-content\/uploads\/2024\/10\/WhatsApp-Image-2024-10-14-at-15.51.42-3-200x150.jpeg 200w, https:\/\/idealearning.eu\/wp-content\/uploads\/2024\/10\/WhatsApp-Image-2024-10-14-at-15.51.42-3-300x225.jpeg 300w, https:\/\/idealearning.eu\/wp-content\/uploads\/2024\/10\/WhatsApp-Image-2024-10-14-at-15.51.42-3-400x300.jpeg 400w, https:\/\/idealearning.eu\/wp-content\/uploads\/2024\/10\/WhatsApp-Image-2024-10-14-at-15.51.42-3-600x450.jpeg 600w, https:\/\/idealearning.eu\/wp-content\/uploads\/2024\/10\/WhatsApp-Image-2024-10-14-at-15.51.42-3-768x576.jpeg 768w, https:\/\/idealearning.eu\/wp-content\/uploads\/2024\/10\/WhatsApp-Image-2024-10-14-at-15.51.42-3-800x600.jpeg 800w, https:\/\/idealearning.eu\/wp-content\/uploads\/2024\/10\/WhatsApp-Image-2024-10-14-at-15.51.42-3-1024x768.jpeg 1024w, https:\/\/idealearning.eu\/wp-content\/uploads\/2024\/10\/WhatsApp-Image-2024-10-14-at-15.51.42-3-1200x900.jpeg 1200w, https:\/\/idealearning.eu\/wp-content\/uploads\/2024\/10\/WhatsApp-Image-2024-10-14-at-15.51.42-3-1536x1152.jpeg 1536w, https:\/\/idealearning.eu\/wp-content\/uploads\/2024\/10\/WhatsApp-Image-2024-10-14-at-15.51.42-3.jpeg 1600w\" data-sizes=\"auto\" data-orig-sizes=\"(max-width: 300px) 100vw, 300px\" \/> <img decoding=\"async\" class=\"lazyload alignnone size-medium wp-image-3992\" src=\"http:\/\/idealearning.eu\/wp-content\/uploads\/2024\/10\/WhatsApp-Image-2024-10-18-at-16.54.58-1-300x225.jpeg\" data-orig-src=\"http:\/\/idealearning.eu\/wp-content\/uploads\/2024\/10\/WhatsApp-Image-2024-10-18-at-16.54.58-1-300x225.jpeg\" alt=\"\" width=\"300\" height=\"225\" srcset=\"data:image\/svg+xml,%3Csvg%20xmlns%3D%27http%3A%2F%2Fwww.w3.org%2F2000%2Fsvg%27%20width%3D%27300%27%20height%3D%27225%27%20viewBox%3D%270%200%20300%20225%27%3E%3Crect%20width%3D%27300%27%20height%3D%27225%27%20fill-opacity%3D%220%22%2F%3E%3C%2Fsvg%3E\" data-srcset=\"https:\/\/idealearning.eu\/wp-content\/uploads\/2024\/10\/WhatsApp-Image-2024-10-18-at-16.54.58-1-200x150.jpeg 200w, https:\/\/idealearning.eu\/wp-content\/uploads\/2024\/10\/WhatsApp-Image-2024-10-18-at-16.54.58-1-300x225.jpeg 300w, https:\/\/idealearning.eu\/wp-content\/uploads\/2024\/10\/WhatsApp-Image-2024-10-18-at-16.54.58-1-400x300.jpeg 400w, https:\/\/idealearning.eu\/wp-content\/uploads\/2024\/10\/WhatsApp-Image-2024-10-18-at-16.54.58-1-600x450.jpeg 600w, https:\/\/idealearning.eu\/wp-content\/uploads\/2024\/10\/WhatsApp-Image-2024-10-18-at-16.54.58-1-768x576.jpeg 768w, https:\/\/idealearning.eu\/wp-content\/uploads\/2024\/10\/WhatsApp-Image-2024-10-18-at-16.54.58-1-800x600.jpeg 800w, https:\/\/idealearning.eu\/wp-content\/uploads\/2024\/10\/WhatsApp-Image-2024-10-18-at-16.54.58-1-1024x768.jpeg 1024w, https:\/\/idealearning.eu\/wp-content\/uploads\/2024\/10\/WhatsApp-Image-2024-10-18-at-16.54.58-1-1200x900.jpeg 1200w, https:\/\/idealearning.eu\/wp-content\/uploads\/2024\/10\/WhatsApp-Image-2024-10-18-at-16.54.58-1-1536x1152.jpeg 1536w, https:\/\/idealearning.eu\/wp-content\/uploads\/2024\/10\/WhatsApp-Image-2024-10-18-at-16.54.58-1.jpeg 1600w\" data-sizes=\"auto\" data-orig-sizes=\"(max-width: 300px) 100vw, 300px\" \/><\/p>\n","protected":false},"excerpt":{"rendered":"<p>Lors des sessions de cours du lundi 14 et du mercredi 16 octobre, dispens\u00e9es dans le cadre de la licence en p\u00e9dagogie et du master en \u00e9ducation et soci\u00e9t\u00e9 [&#8230;]<\/p>\n","protected":false},"author":81,"featured_media":4002,"comment_status":"open","ping_status":"open","sticky":false,"template":"","format":"standard","meta":{"footnotes":""},"categories":[185],"tags":[],"class_list":["post-4032","post","type-post","status-publish","format-standard","has-post-thumbnail","hentry","category-actualites"],"_links":{"self":[{"href":"https:\/\/idealearning.eu\/fr\/wp-json\/wp\/v2\/posts\/4032","targetHints":{"allow":["GET"]}}],"collection":[{"href":"https:\/\/idealearning.eu\/fr\/wp-json\/wp\/v2\/posts"}],"about":[{"href":"https:\/\/idealearning.eu\/fr\/wp-json\/wp\/v2\/types\/post"}],"author":[{"embeddable":true,"href":"https:\/\/idealearning.eu\/fr\/wp-json\/wp\/v2\/users\/81"}],"replies":[{"embeddable":true,"href":"https:\/\/idealearning.eu\/fr\/wp-json\/wp\/v2\/comments?post=4032"}],"version-history":[{"count":0,"href":"https:\/\/idealearning.eu\/fr\/wp-json\/wp\/v2\/posts\/4032\/revisions"}],"wp:featuredmedia":[{"embeddable":true,"href":"https:\/\/idealearning.eu\/fr\/wp-json\/wp\/v2\/media\/4002"}],"wp:attachment":[{"href":"https:\/\/idealearning.eu\/fr\/wp-json\/wp\/v2\/media?parent=4032"}],"wp:term":[{"taxonomy":"category","embeddable":true,"href":"https:\/\/idealearning.eu\/fr\/wp-json\/wp\/v2\/categories?post=4032"},{"taxonomy":"post_tag","embeddable":true,"href":"https:\/\/idealearning.eu\/fr\/wp-json\/wp\/v2\/tags?post=4032"}],"curies":[{"name":"wp","href":"https:\/\/api.w.org\/{rel}","templated":true}]}}