{"id":4108,"date":"2025-02-07T15:48:01","date_gmt":"2025-02-07T15:48:01","guid":{"rendered":"https:\/\/idealearning.eu\/blog\/2025\/02\/07\/conference-du-projet-ideal-une-journee-dapprentissage-et-de-collaboration\/"},"modified":"2025-02-07T15:48:01","modified_gmt":"2025-02-07T15:48:01","slug":"conference-du-projet-ideal-une-journee-dapprentissage-et-de-collaboration","status":"publish","type":"post","link":"https:\/\/idealearning.eu\/fr\/blog\/2025\/02\/07\/conference-du-projet-ideal-une-journee-dapprentissage-et-de-collaboration\/","title":{"rendered":"Conf\u00e9rence du projet IDEAL : une journ\u00e9e d&rsquo;apprentissage et de collaboration"},"content":{"rendered":"<p>Le 24 janvier 2025, la conf\u00e9rence du projet IDEAL s&rsquo;est tenue \u00e0 Impact Hub Brno. Pendant les quatre heures qu&rsquo;a dur\u00e9 l&rsquo;\u00e9v\u00e9nement, les participants ont d\u00e9couvert le projet IDEAL et ont acquis des connaissances approfondies sur les technologies num\u00e9riques et d&rsquo;assistance, et sur la mani\u00e8re dont elles peuvent \u00eatre utilis\u00e9es pour les personnes autistes. Dans la seconde partie de la conf\u00e9rence, les participants ont \u00e9t\u00e9 guid\u00e9s \u00e0 travers la plateforme IDEALConnect, qu&rsquo;ils ont \u00e9galement test\u00e9e au cours d&rsquo;un atelier interactif.<\/p>\n<p>La conf\u00e9rence s&rsquo;est d\u00e9roul\u00e9e dans une atmosph\u00e8re agr\u00e9able et conviviale, propice au partage et \u00e0 la collaboration. Un grand merci \u00e0 tous les participants pour leur participation active \u00e0 l&rsquo;atelier interactif. Les commentaires concernant la plateforme seront transmis \u00e0 nos coll\u00e8gues internationaux et nous pensons que les probl\u00e8mes identifi\u00e9s seront r\u00e9solus avec succ\u00e8s.<\/p>\n<p>Nous appr\u00e9cions \u00e9galement les commentaires extr\u00eamement positifs sur l&rsquo;organisation de la conf\u00e9rence. Nous sommes ravis que l\u2019\u00e9v\u00e9nement ait \u00e9t\u00e9 utile et significatif pour toutes les personnes pr\u00e9sentes. Apr\u00e8s avoir savour\u00e9 une restauration exceptionnelle, les participants sont repartis motiv\u00e9s \u00e0 promouvoir davantage la plateforme IDEALConnect.<\/p>\n<p><img decoding=\"async\" class=\"lazyload alignnone size-medium wp-image-4081\" src=\"http:\/\/idealearning.eu\/wp-content\/uploads\/2025\/02\/475099519_1012814137562267_179989511917166046_n-225x300.jpg\" data-orig-src=\"http:\/\/idealearning.eu\/wp-content\/uploads\/2025\/02\/475099519_1012814137562267_179989511917166046_n-225x300.jpg\" alt=\"\" width=\"225\" height=\"300\" srcset=\"data:image\/svg+xml,%3Csvg%20xmlns%3D%27http%3A%2F%2Fwww.w3.org%2F2000%2Fsvg%27%20width%3D%27225%27%20height%3D%27300%27%20viewBox%3D%270%200%20225%20300%27%3E%3Crect%20width%3D%27225%27%20height%3D%27300%27%20fill-opacity%3D%220%22%2F%3E%3C%2Fsvg%3E\" data-srcset=\"https:\/\/idealearning.eu\/wp-content\/uploads\/2025\/02\/475099519_1012814137562267_179989511917166046_n-200x267.jpg 200w, https:\/\/idealearning.eu\/wp-content\/uploads\/2025\/02\/475099519_1012814137562267_179989511917166046_n-225x300.jpg 225w, https:\/\/idealearning.eu\/wp-content\/uploads\/2025\/02\/475099519_1012814137562267_179989511917166046_n-400x533.jpg 400w, https:\/\/idealearning.eu\/wp-content\/uploads\/2025\/02\/475099519_1012814137562267_179989511917166046_n-600x800.jpg 600w, https:\/\/idealearning.eu\/wp-content\/uploads\/2025\/02\/475099519_1012814137562267_179989511917166046_n-768x1024.jpg 768w, https:\/\/idealearning.eu\/wp-content\/uploads\/2025\/02\/475099519_1012814137562267_179989511917166046_n-800x1067.jpg 800w, https:\/\/idealearning.eu\/wp-content\/uploads\/2025\/02\/475099519_1012814137562267_179989511917166046_n-1152x1536.jpg 1152w, https:\/\/idealearning.eu\/wp-content\/uploads\/2025\/02\/475099519_1012814137562267_179989511917166046_n.jpg 1200w\" data-sizes=\"auto\" data-orig-sizes=\"(max-width: 225px) 100vw, 225px\" \/> <img decoding=\"async\" class=\"lazyload alignnone size-medium wp-image-4087\" src=\"http:\/\/idealearning.eu\/wp-content\/uploads\/2025\/02\/475182133_1012813807562300_8897971906241590879_n-225x300.jpg\" data-orig-src=\"http:\/\/idealearning.eu\/wp-content\/uploads\/2025\/02\/475182133_1012813807562300_8897971906241590879_n-225x300.jpg\" alt=\"\" width=\"225\" height=\"300\" srcset=\"data:image\/svg+xml,%3Csvg%20xmlns%3D%27http%3A%2F%2Fwww.w3.org%2F2000%2Fsvg%27%20width%3D%27225%27%20height%3D%27300%27%20viewBox%3D%270%200%20225%20300%27%3E%3Crect%20width%3D%27225%27%20height%3D%27300%27%20fill-opacity%3D%220%22%2F%3E%3C%2Fsvg%3E\" data-srcset=\"https:\/\/idealearning.eu\/wp-content\/uploads\/2025\/02\/475182133_1012813807562300_8897971906241590879_n-200x267.jpg 200w, https:\/\/idealearning.eu\/wp-content\/uploads\/2025\/02\/475182133_1012813807562300_8897971906241590879_n-225x300.jpg 225w, https:\/\/idealearning.eu\/wp-content\/uploads\/2025\/02\/475182133_1012813807562300_8897971906241590879_n-400x533.jpg 400w, https:\/\/idealearning.eu\/wp-content\/uploads\/2025\/02\/475182133_1012813807562300_8897971906241590879_n-600x800.jpg 600w, https:\/\/idealearning.eu\/wp-content\/uploads\/2025\/02\/475182133_1012813807562300_8897971906241590879_n-768x1024.jpg 768w, https:\/\/idealearning.eu\/wp-content\/uploads\/2025\/02\/475182133_1012813807562300_8897971906241590879_n-800x1067.jpg 800w, https:\/\/idealearning.eu\/wp-content\/uploads\/2025\/02\/475182133_1012813807562300_8897971906241590879_n-1152x1536.jpg 1152w, https:\/\/idealearning.eu\/wp-content\/uploads\/2025\/02\/475182133_1012813807562300_8897971906241590879_n.jpg 1200w\" data-sizes=\"auto\" data-orig-sizes=\"(max-width: 225px) 100vw, 225px\" \/><\/p>\n","protected":false},"excerpt":{"rendered":"<p>Le 24 janvier 2025, la conf\u00e9rence du projet IDEAL s&rsquo;est tenue \u00e0 Impact Hub Brno. Pendant les quatre heures qu&rsquo;a dur\u00e9 l&rsquo;\u00e9v\u00e9nement, les participants ont d\u00e9couvert le projet IDEAL [&#8230;]<\/p>\n","protected":false},"author":81,"featured_media":4095,"comment_status":"open","ping_status":"open","sticky":false,"template":"","format":"standard","meta":{"footnotes":""},"categories":[185],"tags":[],"class_list":["post-4108","post","type-post","status-publish","format-standard","has-post-thumbnail","hentry","category-actualites"],"_links":{"self":[{"href":"https:\/\/idealearning.eu\/fr\/wp-json\/wp\/v2\/posts\/4108","targetHints":{"allow":["GET"]}}],"collection":[{"href":"https:\/\/idealearning.eu\/fr\/wp-json\/wp\/v2\/posts"}],"about":[{"href":"https:\/\/idealearning.eu\/fr\/wp-json\/wp\/v2\/types\/post"}],"author":[{"embeddable":true,"href":"https:\/\/idealearning.eu\/fr\/wp-json\/wp\/v2\/users\/81"}],"replies":[{"embeddable":true,"href":"https:\/\/idealearning.eu\/fr\/wp-json\/wp\/v2\/comments?post=4108"}],"version-history":[{"count":0,"href":"https:\/\/idealearning.eu\/fr\/wp-json\/wp\/v2\/posts\/4108\/revisions"}],"wp:featuredmedia":[{"embeddable":true,"href":"https:\/\/idealearning.eu\/fr\/wp-json\/wp\/v2\/media\/4095"}],"wp:attachment":[{"href":"https:\/\/idealearning.eu\/fr\/wp-json\/wp\/v2\/media?parent=4108"}],"wp:term":[{"taxonomy":"category","embeddable":true,"href":"https:\/\/idealearning.eu\/fr\/wp-json\/wp\/v2\/categories?post=4108"},{"taxonomy":"post_tag","embeddable":true,"href":"https:\/\/idealearning.eu\/fr\/wp-json\/wp\/v2\/tags?post=4108"}],"curies":[{"name":"wp","href":"https:\/\/api.w.org\/{rel}","templated":true}]}}