{"id":1769,"date":"2023-09-14T10:39:13","date_gmt":"2023-09-14T10:39:13","guid":{"rendered":"http:\/\/idealearning.eu\/?p=1769"},"modified":"2023-09-14T10:41:39","modified_gmt":"2023-09-14T10:41:39","slug":"a-historia-da-nova-casa-para-adultos-autistas-na-republica-checa","status":"publish","type":"post","link":"https:\/\/idealearning.eu\/pt-pt\/blog\/2023\/09\/14\/a-historia-da-nova-casa-para-adultos-autistas-na-republica-checa\/","title":{"rendered":"A hist\u00f3ria da &#8220;Nova Casa&#8221; para adultos autistas na Rep\u00fablica Checa\u00a0\u00a0"},"content":{"rendered":"\n<p>Nascida em 1993 na Rep\u00fablica Checa, Katka foi diagnosticada com autismo aos cinco anos de idade. Embora os pais tenham recebido o relat\u00f3rio que confirmava o diagn\u00f3stico da filha, ficaram sozinhos em tudo o resto. Na altura, o diagn\u00f3stico de autismo era algo novo na Rep\u00fablica Checa e n\u00e3o existiam servi\u00e7os sociais direcionados para o autismo. Assim, come\u00e7ou uma luta de v\u00e1rios anos por um futuro melhor. Foi uma luta n\u00e3o s\u00f3 pela pequena Katka, mas por todas as crian\u00e7as autistas da Rep\u00fablica Checa.&nbsp;<\/p>\n\n\n\n<p>A primeira iniciativa consistiu na cria\u00e7\u00e3o de um servi\u00e7o de assist\u00eancia pessoal ao domic\u00edlio. Foi um \u00eaxito e os assistentes come\u00e7aram a apoiar, pela primeira vez, as fam\u00edlias de pessoas autistas no final de 2004. Atualmente, muitos pais n\u00e3o conseguem imaginar a sua vida sem este servi\u00e7o.&nbsp;<\/p>\n\n\n\n<p>Para al\u00e9m disso, na altura n\u00e3o era poss\u00edvel inscrever uma crian\u00e7a autista numa escola regular. Katka teve muita sorte em ser admitida num centro de dia que tinha uma turma para seis crian\u00e7as autistas, a \u00fanica na Mor\u00e1via do Sul (regi\u00e3o no sul da Ch\u00e9quia). Nos anos seguintes, os seus pais, juntamente com profissionais dedicados, fundaram a primeira escola para autistas em \u0160tolcova, na Mor\u00e1via do Sul. Mas, e depois?&nbsp;&nbsp;&nbsp;<\/p>\n\n\n\n<p>O ensino superior n\u00e3o era acess\u00edvel a pessoas autistas com grandes necessidades de apoio. Katka passava a maior parte dos seus dias em casa. E n\u00e3o era s\u00f3 Katka que estava a envelhecer, os seus pais tamb\u00e9m. Estavam a ficar cada vez mais preocupados com o futuro de Katka. Assim, o sonho de uma &#8220;Nova Casa&#8221;, onde Katka pudesse viver uma vida feliz com um n\u00edvel de apoio que lhe permitisse desenvolver o seu potencial para ser t\u00e3o aut\u00f3noma quanto poss\u00edvel, nasceu h\u00e1 12 anos. Foi nessa altura que os seus pais se juntaram para formar a associa\u00e7\u00e3o <em>Tady to m\u00e1m r\u00e1d<\/em> e receberam financiamento do Programa Operacional Regional para o primeiro projeto de habita\u00e7\u00e3o para adultos autistas.&nbsp;&nbsp;&nbsp;<\/p>\n\n\n\n<p>No entanto, apesar de todos os esfor\u00e7os, o projeto falhou em 2013. Devido a uma peti\u00e7\u00e3o dos futuros vizinhos, as autoridades respons\u00e1veis n\u00e3o emitiram a licen\u00e7a para a constru\u00e7\u00e3o da casa. A associa\u00e7\u00e3o <em>Tady to m\u00e1m r\u00e1d<\/em> teve de devolver os subs\u00eddios que recebeu. Mas o sabor amargo do primeiro fracasso n\u00e3o os desencorajou. Os membros da associa\u00e7\u00e3o adquiriram uma experi\u00eancia valiosa ao participarem num projeto internacional centrado nas boas pr\u00e1ticas de presta\u00e7\u00e3o de cuidados a pessoas autistas.&nbsp;&nbsp;&nbsp;<\/p>\n\n\n\n<p><strong>Um sonho tornado realidade&nbsp;<\/strong>&nbsp;<\/p>\n\n\n\n<p>Em 2018, a associa\u00e7\u00e3o <em>Tady to m\u00e1m r\u00e1d<\/em> recebeu o apoio da Regi\u00e3o da Mor\u00e1via do Sul sob a forma de uma promessa de mandato para prestar um servi\u00e7o de interesse econ\u00f3mico geral (ou seja, o funcionamento de um servi\u00e7o social residencial). Em 2019, a organiza\u00e7\u00e3o foi inclu\u00edda na rede de servi\u00e7os sociais e encontraram um \u00f3timo local para estabelecer a &#8220;Nova Casa&#8221;, com vizinhos amig\u00e1veis. A Regi\u00e3o da Mor\u00e1via do Sul, o Munic\u00edpio de Brno e a maioria dos munic\u00edpios do Conselho Distrital Regional de \u0160lapanice e o DSO de \u0160lapanicko contribu\u00edram significativamente para o financiamento do projeto, juntamente com muitos patrocinadores\/doadores empresariais e individuais. O sonho da &#8220;Nova Casa&#8221; come\u00e7ou lentamente a tornar-se realidade. Em dezembro de 2022 o edif\u00edcio foi aprovado. O registo do servi\u00e7o social come\u00e7ou a 1 de maio de 2023, momento em que come\u00e7aram a prestar o servi\u00e7o de habita\u00e7\u00e3o h\u00e1 muito planeado.&nbsp;&nbsp;<\/p>\n\n\n\n<p><strong>Qual \u00e9 o aspeto da &#8220;Nova Casa&#8221; e como \u00e9 que este servi\u00e7o funciona?&nbsp;<\/strong>&nbsp;<\/p>\n\n\n\n<p>A<strong> <\/strong>&#8220;Nova Casa&#8221; \u00e9 uma grande casa de fam\u00edlia com seis quartos individuais, que cada um dos futuros residentes pode mobilar de acordo com o seu gosto. Existem casas de banho e instala\u00e7\u00f5es sanit\u00e1rias acess\u00edveis a cadeiras de rodas. No centro da casa, h\u00e1 tamb\u00e9m uma grande cozinha para preparar refei\u00e7\u00f5es em conjunto. Os residentes da casa ser\u00e3o envolvidos na gest\u00e3o da mesma, de acordo com as suas pr\u00f3prias capacidades e com o n\u00edvel de apoio adequado. Ser\u00e1 um processo de aprendizagem a longo prazo: o objetivo \u00e9 aumentar gradualmente a autonomia de todos os residentes.&nbsp;&nbsp;<\/p>\n\n\n\n<p>Uma parte importante da sala de estar \u00e9 constitu\u00edda por duas salas de trabalho para forma\u00e7\u00e3o individual, especialmente no dom\u00ednio da comunica\u00e7\u00e3o. Um terapeuta da fala, especializado no desenvolvimento de compet\u00eancias de comunica\u00e7\u00e3o com pessoas autistas, far\u00e1 parte da equipa.<\/p>\n\n\n<div class=\"wp-block-image\">\n<figure class=\"alignleft size-large is-resized\"><img decoding=\"async\" src=\"http:\/\/idealearning.eu\/wp-content\/uploads\/2023\/09\/375019487_691749906335360_3533801918042943584_n-1-e1694688066746-1024x698.jpg\" data-orig-src=\"http:\/\/idealearning.eu\/wp-content\/uploads\/2023\/09\/375019487_691749906335360_3533801918042943584_n-1-e1694688066746-1024x698.jpg\" alt=\"\" class=\"lazyload wp-image-1770\" style=\"width:533px;height:363px\" width=\"533\" height=\"363\" srcset=\"data:image\/svg+xml,%3Csvg%20xmlns%3D%27http%3A%2F%2Fwww.w3.org%2F2000%2Fsvg%27%20width%3D%27533%27%20height%3D%27363%27%20viewBox%3D%270%200%20533%20363%27%3E%3Crect%20width%3D%27533%27%20height%3D%27363%27%20fill-opacity%3D%220%22%2F%3E%3C%2Fsvg%3E\" data-srcset=\"https:\/\/idealearning.eu\/wp-content\/uploads\/2023\/09\/375019487_691749906335360_3533801918042943584_n-1-e1694688066746-300x204.jpg 300w, https:\/\/idealearning.eu\/wp-content\/uploads\/2023\/09\/375019487_691749906335360_3533801918042943584_n-1-e1694688066746-768x524.jpg 768w, https:\/\/idealearning.eu\/wp-content\/uploads\/2023\/09\/375019487_691749906335360_3533801918042943584_n-1-e1694688066746-1024x698.jpg 1024w, https:\/\/idealearning.eu\/wp-content\/uploads\/2023\/09\/375019487_691749906335360_3533801918042943584_n-1-e1694688066746.jpg 1536w\" data-sizes=\"auto\" data-orig-sizes=\"(max-width: 533px) 100vw, 533px\" \/><\/figure><\/div>\n\n\n<p>Para garantir a seguran\u00e7a e, ao mesmo tempo, salvaguardar a privacidade dos residentes, foram instalados na casa elementos do sistema <em>Loxone Smart Home<\/em>. Estes incluem um sensor de fugas de \u00e1gua em todas as casas de banho, bem como contactos magn\u00e9ticos de abertura de portas e janelas que enviam notifica\u00e7\u00f5es. As notifica\u00e7\u00f5es podem ser enviadas em voz alta atrav\u00e9s de um altifalante integrado na casa, ou atrav\u00e9s de uma nota silenciosa para os <em>smartphones<\/em> dos funcion\u00e1rios. Os altifalantes integrados t\u00eam mais fun\u00e7\u00f5es para al\u00e9m das notifica\u00e7\u00f5es: permitem definir determinados sons e gravar letras ou melodias. Isto permitir\u00e1, por exemplo, treinar as pessoas autistas para uma evacua\u00e7\u00e3o de emerg\u00eancia, por exemplo em caso de inc\u00eandio, tocando a can\u00e7\u00e3o &#8220;<em>Dancing in the rain<\/em>&#8220;, uma vez que um alarme de inc\u00eandio convencional seria insuport\u00e1vel ou assustador para a maioria das pessoas autistas, que poderiam chorar, gritar ou correr para se esconderem nos seus quartos.&nbsp;&nbsp;<\/p>\n\n\n\n<p>A tecnologia <em>Loxone<\/em> permite tamb\u00e9m a gest\u00e3o energ\u00e9tica da casa, ligando todos os dispositivos do sistema. Por exemplo, ao regular automaticamente o controlo das persianas exteriores, \u00e9 poss\u00edvel evitar que a casa arrefe\u00e7a no inverno e sobreaque\u00e7a no ver\u00e3o. Gra\u00e7as \u00e0 possibilidade ilimitada de atualizar e adaptar as defini\u00e7\u00f5es do sistema, a &#8220;Nova Casa&#8221; aprende com os seus residentes. O sistema foi programado pela<em> Smarteon Systems s.r.o<\/em>., que tem uma longa experi\u00eancia na conce\u00e7\u00e3o de casas inteligentes para servi\u00e7os sociais.&nbsp;&nbsp;&nbsp;<\/p>\n\n\n\n<p>A &#8220;Nova Casa&#8221; pretende ser um projeto-piloto para promover outras experi\u00eancias habitacionais semelhantes. Na opini\u00e3o da associa\u00e7\u00e3o <em>Tady to m\u00e1m r\u00e1d<\/em>, os servi\u00e7os residenciais baseados na comunidade para pessoas autistas v\u00e3o continuar a crescer.&nbsp;<\/p>\n","protected":false},"excerpt":{"rendered":"<p>Nascida em 1993 na Rep\u00fablica Checa, Katka foi diagnosticada com autismo aos cinco anos de idade. Embora os pais tenham recebido o relat\u00f3rio que confirmava o diagn\u00f3stico da filha, [&#8230;]<\/p>\n","protected":false},"author":2,"featured_media":1766,"comment_status":"open","ping_status":"open","sticky":false,"template":"","format":"standard","meta":{"footnotes":""},"categories":[15],"tags":[],"class_list":["post-1769","post","type-post","status-publish","format-standard","has-post-thumbnail","hentry","category-noticias-pt"],"_links":{"self":[{"href":"https:\/\/idealearning.eu\/pt-pt\/wp-json\/wp\/v2\/posts\/1769","targetHints":{"allow":["GET"]}}],"collection":[{"href":"https:\/\/idealearning.eu\/pt-pt\/wp-json\/wp\/v2\/posts"}],"about":[{"href":"https:\/\/idealearning.eu\/pt-pt\/wp-json\/wp\/v2\/types\/post"}],"author":[{"embeddable":true,"href":"https:\/\/idealearning.eu\/pt-pt\/wp-json\/wp\/v2\/users\/2"}],"replies":[{"embeddable":true,"href":"https:\/\/idealearning.eu\/pt-pt\/wp-json\/wp\/v2\/comments?post=1769"}],"version-history":[{"count":1,"href":"https:\/\/idealearning.eu\/pt-pt\/wp-json\/wp\/v2\/posts\/1769\/revisions"}],"predecessor-version":[{"id":1771,"href":"https:\/\/idealearning.eu\/pt-pt\/wp-json\/wp\/v2\/posts\/1769\/revisions\/1771"}],"wp:featuredmedia":[{"embeddable":true,"href":"https:\/\/idealearning.eu\/pt-pt\/wp-json\/wp\/v2\/media\/1766"}],"wp:attachment":[{"href":"https:\/\/idealearning.eu\/pt-pt\/wp-json\/wp\/v2\/media?parent=1769"}],"wp:term":[{"taxonomy":"category","embeddable":true,"href":"https:\/\/idealearning.eu\/pt-pt\/wp-json\/wp\/v2\/categories?post=1769"},{"taxonomy":"post_tag","embeddable":true,"href":"https:\/\/idealearning.eu\/pt-pt\/wp-json\/wp\/v2\/tags?post=1769"}],"curies":[{"name":"wp","href":"https:\/\/api.w.org\/{rel}","templated":true}]}}