{"id":3137,"date":"2023-10-26T21:29:51","date_gmt":"2023-10-26T21:29:51","guid":{"rendered":"http:\/\/idealearning.eu\/our-portuguese-partner-shares-testimonies-from-autistic-people-families-and-professionals-about-the-use-of-techonologies-erasmusdays-2023\/"},"modified":"2024-05-31T12:54:42","modified_gmt":"2024-05-31T12:54:42","slug":"our-portuguese-partner-shares-testimonies-from-autistic-people-families-and-professionals-about-the-use-of-techonologies-erasmusdays-2023","status":"publish","type":"post","link":"https:\/\/idealearning.eu\/pt-pt\/blog\/2023\/10\/26\/our-portuguese-partner-shares-testimonies-from-autistic-people-families-and-professionals-about-the-use-of-techonologies-erasmusdays-2023\/","title":{"rendered":"Testemunhos de pessoas autistas, fam\u00edlias e profissionais sobre a utiliza\u00e7\u00e3o de tecnologias #ErasmusDays 2023"},"content":{"rendered":"\r\n<p><\/p>\r\n<p>No \u00e2mbito dos #ErasmusDays 2023, a FPDA-Federa\u00e7\u00e3o Portuguesa de Autismo, parceira no projeto IDEAL, reuniu um conjunto de testemunhos de pessoas com autismo, de familiares e de profissionais sobre a sua utiliza\u00e7\u00e3o das novas tecnologias.\u00a0\u00a0<\/p>\r\n<p>\r\n\r\n<\/p>\r\n<p>Por exemplo, para a Patr\u00edcia Castanha, jovem autista de 26 anos, as novas tecnologias s\u00e3o fundamentais para a sua autonomia (por exemplo, utiliza diariamente uma app que a ajuda nas suas desloca\u00e7\u00f5es de e para o trabalho nos transportes p\u00fablicos de Lisboa). J\u00e1 para a Catarina Loureiro, jovem autista com 18 anos com hipersensibilidade auditiva, os novos <em>Buds<\/em> e a app <em>Unfear<\/em> da <em>Samsung<\/em> t\u00eam sido fundamentais no seu dia-a-dia, contribuindo para o seu bem-estar f\u00edsico e psicol\u00f3gico. A sua tia, Elsa Marques, conta-nos como esta tecnologia tem ajudado a Catarina a estar mais tranquila e relaxada ao conseguir identificar e reduzir os ru\u00eddos que, para ela, s\u00e3o perturbadores. Para o Duarte, as novas tecnologias, especificamente os jogos online, s\u00e3o o seu \u201cmundo perfeito\u201d onde ele pode ser o que quiser e onde mant\u00e9m contacto com outros jovens com os mesmos interesses. Para a Iolanda, terapeuta da fala, as apps s\u00e3o \u00f3timas ferramentas de trabalho para promover e desenvolver a comunica\u00e7\u00e3o e a autonomia das crian\u00e7as com quem trabalha (por exemplo, utilizar apps para exprimir desejos ou vontades).\u00a0<\/p>\r\n<p>\r\n\r\n<\/p>\r\n<p>Estes testemunhos mostram-nos a import\u00e2ncia que as novas tecnologias t\u00eam no dia-a-dia destas pessoas, n\u00e3o s\u00f3 a n\u00edvel terap\u00eautico (por exemplo, na terapia da fala) mas tamb\u00e9m na qualidade da sua vida di\u00e1ria e na promo\u00e7\u00e3o da sua autonomia e bem-estar.\u00a0\u00a0<\/p>\r\n<p>V\u00eddeo dispon\u00edvel <strong><a href=\"https:\/\/www.youtube.com\/watch?v=C8V1NtuAOpk\">aqui.<\/a><\/strong><\/p>\r\n<p><\/p>\r\n","protected":false},"excerpt":{"rendered":"<p>No \u00e2mbito dos #ErasmusDays 2023, a FPDA-Federa\u00e7\u00e3o Portuguesa de Autismo, parceira no projeto IDEAL, reuniu um conjunto de testemunhos de pessoas com autismo, de familiares e de profissionais sobre [&#8230;]<\/p>\n","protected":false},"author":2,"featured_media":3146,"comment_status":"open","ping_status":"open","sticky":false,"template":"","format":"standard","meta":{"footnotes":""},"categories":[173],"tags":[],"class_list":["post-3137","post","type-post","status-publish","format-standard","has-post-thumbnail","hentry","category-project-activities-pt-pt"],"_links":{"self":[{"href":"https:\/\/idealearning.eu\/pt-pt\/wp-json\/wp\/v2\/posts\/3137","targetHints":{"allow":["GET"]}}],"collection":[{"href":"https:\/\/idealearning.eu\/pt-pt\/wp-json\/wp\/v2\/posts"}],"about":[{"href":"https:\/\/idealearning.eu\/pt-pt\/wp-json\/wp\/v2\/types\/post"}],"author":[{"embeddable":true,"href":"https:\/\/idealearning.eu\/pt-pt\/wp-json\/wp\/v2\/users\/2"}],"replies":[{"embeddable":true,"href":"https:\/\/idealearning.eu\/pt-pt\/wp-json\/wp\/v2\/comments?post=3137"}],"version-history":[{"count":4,"href":"https:\/\/idealearning.eu\/pt-pt\/wp-json\/wp\/v2\/posts\/3137\/revisions"}],"predecessor-version":[{"id":3605,"href":"https:\/\/idealearning.eu\/pt-pt\/wp-json\/wp\/v2\/posts\/3137\/revisions\/3605"}],"wp:featuredmedia":[{"embeddable":true,"href":"https:\/\/idealearning.eu\/pt-pt\/wp-json\/wp\/v2\/media\/3146"}],"wp:attachment":[{"href":"https:\/\/idealearning.eu\/pt-pt\/wp-json\/wp\/v2\/media?parent=3137"}],"wp:term":[{"taxonomy":"category","embeddable":true,"href":"https:\/\/idealearning.eu\/pt-pt\/wp-json\/wp\/v2\/categories?post=3137"},{"taxonomy":"post_tag","embeddable":true,"href":"https:\/\/idealearning.eu\/pt-pt\/wp-json\/wp\/v2\/tags?post=3137"}],"curies":[{"name":"wp","href":"https:\/\/api.w.org\/{rel}","templated":true}]}}