{"id":3683,"date":"2024-03-27T15:08:23","date_gmt":"2024-03-27T15:08:23","guid":{"rendered":"https:\/\/idealearning.eu\/?p=3683"},"modified":"2024-06-04T09:13:32","modified_gmt":"2024-06-04T09:13:32","slug":"descubra-as-apps-de-saude-e-fitness-desenvolvidas-para-pessoas-autistas","status":"publish","type":"post","link":"https:\/\/idealearning.eu\/pt-pt\/blog\/2024\/03\/27\/descubra-as-apps-de-saude-e-fitness-desenvolvidas-para-pessoas-autistas\/","title":{"rendered":"Descubra as Apps de Sa\u00fade e Fitness desenvolvidas para pessoas autistas"},"content":{"rendered":"<p>Imagem do website da Sant\u00e9 BD: santebd.org<\/p>\n<p>O acesso das pessoas autistas aos servi\u00e7os de sa\u00fade pode constituir um obst\u00e1culo significativo, uma vez que podem ser v\u00edtimas de discrimina\u00e7\u00e3o, dificuldades de comunica\u00e7\u00e3o, sensibilidades sensoriais, falta de previsibilidade, etc. A investiga\u00e7\u00e3o mostrou tamb\u00e9m que as pessoas autistas apresentam taxas mais elevadas de condi\u00e7\u00f5es concomitantes (comorbilidades), raz\u00e3o pela qual \u00e9 fundamental apoiar as pessoas autistas no acesso aos cuidados de sa\u00fade.<\/p>\n<p>Sant\u00e9 BD \u00e9 uma plataforma digital online para pessoas com defici\u00eancia (incluindo autismo), bem como para as suas fam\u00edlias e profissionais de sa\u00fade. Disponibiliza diferentes recursos, como cartazes, banda desenhada, v\u00eddeos e folhetos que explicam diferentes procedimentos m\u00e9dicos, doen\u00e7as e informa\u00e7\u00f5es de preven\u00e7\u00e3o em mat\u00e9ria de cuidados de sa\u00fade. A plataforma permite ao utilizador personalizar as bandas desenhadas com diferentes perfis (como homem, mulher, rapariga, rapaz, utilizador de cadeira de rodas, pessoa autista) para que haja um maior envolvimento por parte dos utilizadores. Ao utilizar estes materiais, as pessoas autistas podem aprender sobre informa\u00e7\u00f5es e procedimentos de cuidados de sa\u00fade de uma forma mais acess\u00edvel. Para os profissionais de sa\u00fade e familiares, estes recursos permitem-lhes comunicar mais eficazmente sobre sa\u00fade com os seus familiares ou doentes.<\/p>\n<p>A plataforma est\u00e1 dispon\u00edvel em franc\u00eas, ingl\u00eas, espanhol, romeno, alem\u00e3o e \u00e1rabe. Est\u00e1 dispon\u00edvel <a href=\"https:\/\/santebd.org\/\">aqui.<\/a><\/p>\n<p><em>Gibalica: Virtual Fitness Coach <\/em><\/p>\n<p><img decoding=\"async\" width=\"477\" height=\"463\" class=\"lazyload wp-image-3288\" src=\"http:\/\/idealearning.eu\/wp-content\/uploads\/2024\/03\/word-image-3286-2.png\" data-orig-src=\"http:\/\/idealearning.eu\/wp-content\/uploads\/2024\/03\/word-image-3286-2.png\" srcset=\"data:image\/svg+xml,%3Csvg%20xmlns%3D%27http%3A%2F%2Fwww.w3.org%2F2000%2Fsvg%27%20width%3D%27477%27%20height%3D%27463%27%20viewBox%3D%270%200%20477%20463%27%3E%3Crect%20width%3D%27477%27%20height%3D%27463%27%20fill-opacity%3D%220%22%2F%3E%3C%2Fsvg%3E\" data-srcset=\"https:\/\/idealearning.eu\/wp-content\/uploads\/2024\/03\/word-image-3286-2-200x194.png 200w, https:\/\/idealearning.eu\/wp-content\/uploads\/2024\/03\/word-image-3286-2-300x291.png 300w, https:\/\/idealearning.eu\/wp-content\/uploads\/2024\/03\/word-image-3286-2-400x388.png 400w, https:\/\/idealearning.eu\/wp-content\/uploads\/2024\/03\/word-image-3286-2.png 477w\" data-sizes=\"auto\" data-orig-sizes=\"(max-width: 477px) 100vw, 477px\" \/><\/p>\n<p>Imagens da aplica\u00e7\u00e3o Gibalica (Google Play)<\/p>\n<p>A aplica\u00e7\u00e3o Gibalica funciona como um treinador virtual de fitness. Abrange as \u00e1reas da educa\u00e7\u00e3o, da atividade f\u00edsica e da sa\u00fade, bem como do lazer. \u00c9 gratuita e est\u00e1 dispon\u00edvel sem registo para Android. Para al\u00e9m do exerc\u00edcio e do incentivo \u00e0 atividade f\u00edsica, tamb\u00e9m pode ser utilizada para aprender os conceitos de esquerda e direita. Foi criado no \u00e2mbito do projeto &#8220;Rede de compet\u00eancias baseada nas tecnologias da informa\u00e7\u00e3o e da comunica\u00e7\u00e3o para servi\u00e7os inovadores destinados a pessoas com necessidades de comunica\u00e7\u00e3o complexas (ICT-AAC)&#8221;. Para avaliar a aplica\u00e7\u00e3o, foi utilizado um sistema de indicadores de avalia\u00e7\u00e3o de aplica\u00e7\u00f5es destinadas a pessoas com autismo (Sistema de indicadores de evaluaci\u00f3n de aplicaciones destinadas a personas usuarias con TEA; Gallardo-Montes et al., 2021).<\/p>\n","protected":false},"excerpt":{"rendered":"<p>Imagem do website da Sant\u00e9 BD: santebd.org O acesso das pessoas autistas aos servi\u00e7os de sa\u00fade pode constituir um obst\u00e1culo significativo, uma vez que podem ser v\u00edtimas de discrimina\u00e7\u00e3o, [&#8230;]<\/p>\n","protected":false},"author":60,"featured_media":3684,"comment_status":"open","ping_status":"open","sticky":false,"template":"","format":"standard","meta":{"footnotes":""},"categories":[152],"tags":[],"class_list":["post-3683","post","type-post","status-publish","format-standard","has-post-thumbnail","hentry","category-sem-categoria"],"_links":{"self":[{"href":"https:\/\/idealearning.eu\/pt-pt\/wp-json\/wp\/v2\/posts\/3683","targetHints":{"allow":["GET"]}}],"collection":[{"href":"https:\/\/idealearning.eu\/pt-pt\/wp-json\/wp\/v2\/posts"}],"about":[{"href":"https:\/\/idealearning.eu\/pt-pt\/wp-json\/wp\/v2\/types\/post"}],"author":[{"embeddable":true,"href":"https:\/\/idealearning.eu\/pt-pt\/wp-json\/wp\/v2\/users\/60"}],"replies":[{"embeddable":true,"href":"https:\/\/idealearning.eu\/pt-pt\/wp-json\/wp\/v2\/comments?post=3683"}],"version-history":[{"count":1,"href":"https:\/\/idealearning.eu\/pt-pt\/wp-json\/wp\/v2\/posts\/3683\/revisions"}],"predecessor-version":[{"id":3686,"href":"https:\/\/idealearning.eu\/pt-pt\/wp-json\/wp\/v2\/posts\/3683\/revisions\/3686"}],"wp:featuredmedia":[{"embeddable":true,"href":"https:\/\/idealearning.eu\/pt-pt\/wp-json\/wp\/v2\/media\/3684"}],"wp:attachment":[{"href":"https:\/\/idealearning.eu\/pt-pt\/wp-json\/wp\/v2\/media?parent=3683"}],"wp:term":[{"taxonomy":"category","embeddable":true,"href":"https:\/\/idealearning.eu\/pt-pt\/wp-json\/wp\/v2\/categories?post=3683"},{"taxonomy":"post_tag","embeddable":true,"href":"https:\/\/idealearning.eu\/pt-pt\/wp-json\/wp\/v2\/tags?post=3683"}],"curies":[{"name":"wp","href":"https:\/\/api.w.org\/{rel}","templated":true}]}}