{"id":4029,"date":"2024-05-30T10:26:51","date_gmt":"2024-05-30T10:26:51","guid":{"rendered":"https:\/\/idealearning.eu\/blog\/2024\/05\/30\/congresso-internacional-da-autismo-burgos-conquistas-e-desafios\/"},"modified":"2024-05-30T10:26:51","modified_gmt":"2024-05-30T10:26:51","slug":"congresso-internacional-da-autismo-burgos-conquistas-e-desafios","status":"publish","type":"post","link":"https:\/\/idealearning.eu\/pt-pt\/blog\/2024\/05\/30\/congresso-internacional-da-autismo-burgos-conquistas-e-desafios\/","title":{"rendered":"Congresso Internacional da Autismo Burgos: \u201cConquistas e Desafios\u201d"},"content":{"rendered":"<p>No Congresso Internacional da Autismo Burgos \u201cConquistas e Desafios\u201d, realizado nos dias 16, 17 e 18 de maio de 2024, em Burgos, o nosso colega de projeto apresentou uma comunica\u00e7\u00e3o sobre a utiliza\u00e7\u00e3o da tecnologia e da intelig\u00eancia artificial no autismo. A comunica\u00e7\u00e3o destacou o papel da tecnologia na conce\u00e7\u00e3o de materiais e plataformas de forma\u00e7\u00e3o e na melhoria da qualidade de vida das pessoas com autismo.<\/p>\n<p>Foi tamb\u00e9m apresentado o projeto IDEAL, uma vez que visa facilitar a utiliza\u00e7\u00e3o di\u00e1ria da tecnologia e dos sistemas de gest\u00e3o da aprendizagem (LMS) para melhorar a qualidade de vida das pessoas autistas que t\u00eam maiores necessidades de apoio. A apresenta\u00e7\u00e3o enfatizou o valor da colabora\u00e7\u00e3o e da cria\u00e7\u00e3o de recursos para garantir o acesso universal \u00e0 tecnologia e \u00e0 inova\u00e7\u00e3o, colmatando lacunas e promovendo a inclus\u00e3o.<\/p>\n<p><iframe style=\"border: none; overflow: hidden;\" src=\"https:\/\/www.facebook.com\/plugins\/video.php?height=314&amp;href=https%3A%2F%2Fwww.facebook.com%2FIDEALprojectAutism%2Fvideos%2F3266773603617816%2F&amp;show_text=false&amp;width=560&amp;t=0\" width=\"560\" height=\"314\" frameborder=\"0\" scrolling=\"no\" allowfullscreen=\"allowfullscreen\"><\/iframe><\/p>\n","protected":false},"excerpt":{"rendered":"<p>No Congresso Internacional da Autismo Burgos \u201cConquistas e Desafios\u201d, realizado nos dias 16, 17 e 18 de maio de 2024, em Burgos, o nosso colega de projeto apresentou uma [&#8230;]<\/p>\n","protected":false},"author":81,"featured_media":4021,"comment_status":"open","ping_status":"open","sticky":false,"template":"","format":"standard","meta":{"footnotes":""},"categories":[186],"tags":[],"class_list":["post-4029","post","type-post","status-publish","format-standard","has-post-thumbnail","hentry","category-news-pt-pt"],"_links":{"self":[{"href":"https:\/\/idealearning.eu\/pt-pt\/wp-json\/wp\/v2\/posts\/4029","targetHints":{"allow":["GET"]}}],"collection":[{"href":"https:\/\/idealearning.eu\/pt-pt\/wp-json\/wp\/v2\/posts"}],"about":[{"href":"https:\/\/idealearning.eu\/pt-pt\/wp-json\/wp\/v2\/types\/post"}],"author":[{"embeddable":true,"href":"https:\/\/idealearning.eu\/pt-pt\/wp-json\/wp\/v2\/users\/81"}],"replies":[{"embeddable":true,"href":"https:\/\/idealearning.eu\/pt-pt\/wp-json\/wp\/v2\/comments?post=4029"}],"version-history":[{"count":0,"href":"https:\/\/idealearning.eu\/pt-pt\/wp-json\/wp\/v2\/posts\/4029\/revisions"}],"wp:featuredmedia":[{"embeddable":true,"href":"https:\/\/idealearning.eu\/pt-pt\/wp-json\/wp\/v2\/media\/4021"}],"wp:attachment":[{"href":"https:\/\/idealearning.eu\/pt-pt\/wp-json\/wp\/v2\/media?parent=4029"}],"wp:term":[{"taxonomy":"category","embeddable":true,"href":"https:\/\/idealearning.eu\/pt-pt\/wp-json\/wp\/v2\/categories?post=4029"},{"taxonomy":"post_tag","embeddable":true,"href":"https:\/\/idealearning.eu\/pt-pt\/wp-json\/wp\/v2\/tags?post=4029"}],"curies":[{"name":"wp","href":"https:\/\/api.w.org\/{rel}","templated":true}]}}